{"id":1125,"date":"2013-08-26T21:13:57","date_gmt":"2013-08-26T19:13:57","guid":{"rendered":"http:\/\/fontscollserola.com\/?p=1125"},"modified":"2021-01-15T13:49:19","modified_gmt":"2021-01-15T12:49:19","slug":"f139-font-dels-vells","status":"publish","type":"post","link":"https:\/\/fontscollserola.com\/?p=1125","title":{"rendered":"F139-Font dels Vells"},"content":{"rendered":"<p>Descripci\u00f3:<\/p>\n<p>Desapareguda. El mapa de l\u2019Alpina la dibuixa al torrent d\u2019en Castellv\u00ed, prop de l\u2019autopista.<br \/>\nJuan C\u00e9sar A., ve\u00ed de la zona, va dir que estava al final de les escales Bellavista cru\u00eflla amb Passatge Bellavista. A l\u2019urbanitzar la zona la van tapar.<\/p>\n<p>Coordenades de la zona on era: \u00a0<a href=\"https:\/\/www.google.com\/maps\/place\/41%C2%B025'36.4%22N+2%C2%B005'13.7%22E\/@41.4267699,2.0871269,17z\/data=!3m1!4b1!4m5!3m4!1s0x0:0x0!8m2!3d41.4267699!4d2.0871269\">41.4267699\u00baN 2.0871269\u00baE<\/a><\/p>\n<p>Recorregut a l\u2019excursi\u00f3 de recerca: R07<\/p>\n","protected":false},"excerpt":{"rendered":"<p>Descripci\u00f3: Desapareguda. El mapa de l\u2019Alpina la dibuixa al torrent d\u2019en Castellv\u00ed, prop de l\u2019autopista. Juan C\u00e9sar A., ve\u00ed de la zona, va dir que estava al final de les escales Bellavista cru\u00eflla amb Passatge Bellavista. A l\u2019urbanitzar la zona la van tapar. Coordenades de la zona on era: \u00a041.4267699\u00baN 2.0871269\u00baE Recorregut a l\u2019excursi\u00f3 de [&hellip;]<\/p>\n","protected":false},"author":3,"featured_media":0,"comment_status":"closed","ping_status":"open","sticky":false,"template":"","format":"standard","meta":{"footnotes":""},"categories":[3,19],"tags":[],"class_list":["post-1125","post","type-post","status-publish","format-standard","hentry","category-b","category-d"],"_links":{"self":[{"href":"https:\/\/fontscollserola.com\/index.php?rest_route=\/wp\/v2\/posts\/1125","targetHints":{"allow":["GET"]}}],"collection":[{"href":"https:\/\/fontscollserola.com\/index.php?rest_route=\/wp\/v2\/posts"}],"about":[{"href":"https:\/\/fontscollserola.com\/index.php?rest_route=\/wp\/v2\/types\/post"}],"author":[{"embeddable":true,"href":"https:\/\/fontscollserola.com\/index.php?rest_route=\/wp\/v2\/users\/3"}],"replies":[{"embeddable":true,"href":"https:\/\/fontscollserola.com\/index.php?rest_route=%2Fwp%2Fv2%2Fcomments&post=1125"}],"version-history":[{"count":1,"href":"https:\/\/fontscollserola.com\/index.php?rest_route=\/wp\/v2\/posts\/1125\/revisions"}],"predecessor-version":[{"id":5013,"href":"https:\/\/fontscollserola.com\/index.php?rest_route=\/wp\/v2\/posts\/1125\/revisions\/5013"}],"wp:attachment":[{"href":"https:\/\/fontscollserola.com\/index.php?rest_route=%2Fwp%2Fv2%2Fmedia&parent=1125"}],"wp:term":[{"taxonomy":"category","embeddable":true,"href":"https:\/\/fontscollserola.com\/index.php?rest_route=%2Fwp%2Fv2%2Fcategories&post=1125"},{"taxonomy":"post_tag","embeddable":true,"href":"https:\/\/fontscollserola.com\/index.php?rest_route=%2Fwp%2Fv2%2Ftags&post=1125"}],"curies":[{"name":"wp","href":"https:\/\/api.w.org\/{rel}","templated":true}]}}