{"id":534,"date":"2013-08-20T18:20:52","date_gmt":"2013-08-20T16:20:52","guid":{"rendered":"http:\/\/fontscollserola.com\/?p=534"},"modified":"2026-03-22T12:45:14","modified_gmt":"2026-03-22T11:45:14","slug":"f038-font-de-nova-de-can-cata","status":"publish","type":"post","link":"https:\/\/fontscollserola.com\/?p=534","title":{"rendered":"F038-Font de Nova de Can Cat\u00e0"},"content":{"rendered":"<p>Descripci\u00f3:<\/p>\n<p>Aquesta font i els altres elements constru\u00efts al voltant, formen un conjunt\u00a0 d\u2019una bellesa notable.<\/p>\n<p>El frontal de la font est\u00e0 integrat en una paret molt gran on en destaquen una\u00a0 postada per posar-hi una est\u00e0tua i el tub que \u00e9s de grans dimensions.<\/p>\n<p>La pica \u00e9s molt gran: t\u00e9 forma semicircular i uns suports per recolzar els peus.<\/p>\n<p>Uns\u00a0 metres aig\u00fces avall hi ha la bassa on va a parar l\u2019aigua de la font.<\/p>\n<p>Est\u00e0 situada a prop de la masia de Can Cat\u00e0, en un entorn espectacular on cal destacar els enormes pins i castanyers.<\/p>\n<p>Coordenades: <a href=\"https:\/\/www.google.com\/maps\/place\/41%C2%B027'46.9%22N+2%C2%B008'46.9%22E\/@41.4628465,2.1464799,16.96z\/data=!4m5!3m4!1s0x0:0x0!8m2!3d41.4630399!4d2.1463669\">41.4630399N 2.1463669E<\/a><\/p>\n<p>Recorregut a les excursions de grup: E08, E15<\/p>\n<p>Recorregut a l\u2019excursi\u00f3 de recerca: R23<\/p>\n \n<!-- Start container 1 --><div id=\"wppa-modal-container-1\" class=\"wppa-modal-container\" style=\"position:relative;z-index:100000;\" data-wppa=\"yes\" ontouchmove=\"event.stopPropagation();\"><\/div><div id=\"wppa-container-wrapper-1\" class=\"alignnone wppa-container-wrapper \" style=\"width:100%;clear:both;padding:0;position:relative;\"><div id=\"wppa-container-1\" style=\"width:100%;\" class=\"wppa-container wppa-container-1 wppa-rev-9111001 wppa-prevrev-9110011 wppa-theme-9.1.11.001 wppa-api-9.1.11.001\"><svg id=\"wppa-ajax-spin-1\" class=\"wppa-ajax-spin uil-default\" width=\"120px\" height=\"120px\" viewBox=\"0 0 100 100\" preserveAspectRatio=\"xMidYMid\" stroke=\"\" style=\"width:120px; height:120px; position:fixed; top:50%; margin-top:-60px; left:50%; margin-left:-60px; opacity:1; display:none; fill:#666666; background-color:#dddddd; border-radius:12px;\"><rect x=\"0\" y=\"0\" width=\"100\" height=\"100\" fill=\"none\" class=\"bk\"><\/rect><rect class=\"wppa-ajaxspin\" x=\"47\" y=\"40\" width=\"6\" height=\"20\" rx=\"3\" ry=\"3\" transform=\"rotate(0 50 50) translate(0 -32)\"><animate attributeName=\"opacity\" from=\"1\" to=\"0\" dur=\"1.5s\" begin=\"0s\" repeatCount=\"indefinite\" ><\/rect><rect class=\"wppa-ajaxspin\" x=\"47\" y=\"40\" width=\"6\" height=\"20\" rx=\"3\" ry=\"3\" transform=\"rotate(22.5 50 50) translate(0 -32)\"><animate attributeName=\"opacity\" from=\"1\" to=\"0\" dur=\"1.5s\" begin=\"0.09375s\" repeatCount=\"indefinite\" ><\/rect><rect class=\"wppa-ajaxspin\" x=\"47\" y=\"40\" width=\"6\" height=\"20\" rx=\"3\" ry=\"3\" transform=\"rotate(45 50 50) translate(0 -32)\"><animate attributeName=\"opacity\" from=\"1\" to=\"0\" dur=\"1.5s\" begin=\"0.1875s\" repeatCount=\"indefinite\" ><\/rect><rect class=\"wppa-ajaxspin\" x=\"47\" y=\"40\" width=\"6\" height=\"20\" rx=\"3\" ry=\"3\" transform=\"rotate(67.5 50 50) translate(0 -32)\"><animate attributeName=\"opacity\" from=\"1\" to=\"0\" dur=\"1.5s\" begin=\"0.28125s\" repeatCount=\"indefinite\" ><\/rect><rect class=\"wppa-ajaxspin\" x=\"47\" y=\"40\" width=\"6\" height=\"20\" rx=\"3\" ry=\"3\" transform=\"rotate(90 50 50) translate(0 -32)\"><animate attributeName=\"opacity\" from=\"1\" to=\"0\" dur=\"1.5s\" begin=\"0.375s\" repeatCount=\"indefinite\" ><\/rect><rect class=\"wppa-ajaxspin\" x=\"47\" y=\"40\" width=\"6\" height=\"20\" rx=\"3\" ry=\"3\" transform=\"rotate(112.5 50 50) translate(0 -32)\"><animate attributeName=\"opacity\" from=\"1\" to=\"0\" dur=\"1.5s\" begin=\"0.46875s\" repeatCount=\"indefinite\" ><\/rect><rect class=\"wppa-ajaxspin\" x=\"47\" y=\"40\" width=\"6\" height=\"20\" rx=\"3\" ry=\"3\" transform=\"rotate(135 50 50) translate(0 -32)\"><animate attributeName=\"opacity\" from=\"1\" to=\"0\" dur=\"1.5s\" begin=\"0.5625s\" repeatCount=\"indefinite\" ><\/rect><rect class=\"wppa-ajaxspin\" x=\"47\" y=\"40\" width=\"6\" height=\"20\" rx=\"3\" ry=\"3\" transform=\"rotate(157.5 50 50) translate(0 -32)\"><animate attributeName=\"opacity\" from=\"1\" to=\"0\" dur=\"1.5s\" begin=\"0.65625s\" repeatCount=\"indefinite\" ><\/rect><rect class=\"wppa-ajaxspin\" x=\"47\" y=\"40\" width=\"6\" height=\"20\" rx=\"3\" ry=\"3\" transform=\"rotate(180 50 50) translate(0 -32)\"><animate attributeName=\"opacity\" from=\"1\" to=\"0\" dur=\"1.5s\" begin=\"0.75s\" repeatCount=\"indefinite\" ><\/rect><rect class=\"wppa-ajaxspin\" x=\"47\" y=\"40\" width=\"6\" height=\"20\" rx=\"3\" ry=\"3\" transform=\"rotate(202.5 50 50) translate(0 -32)\"><animate attributeName=\"opacity\" from=\"1\" to=\"0\" dur=\"1.5s\" begin=\"0.84375s\" repeatCount=\"indefinite\" ><\/rect><rect class=\"wppa-ajaxspin\" x=\"47\" y=\"40\" width=\"6\" height=\"20\" rx=\"3\" ry=\"3\" transform=\"rotate(225 50 50) translate(0 -32)\"><animate attributeName=\"opacity\" from=\"1\" to=\"0\" dur=\"1.5s\" begin=\"0.9375s\" repeatCount=\"indefinite\" ><\/rect><rect class=\"wppa-ajaxspin\" x=\"47\" y=\"40\" width=\"6\" height=\"20\" rx=\"3\" ry=\"3\" transform=\"rotate(247.5 50 50) translate(0 -32)\"><animate attributeName=\"opacity\" from=\"1\" to=\"0\" dur=\"1.5s\" begin=\"1.03125s\" repeatCount=\"indefinite\" ><\/rect><rect class=\"wppa-ajaxspin\" x=\"47\" y=\"40\" width=\"6\" height=\"20\" rx=\"3\" ry=\"3\" transform=\"rotate(270 50 50) translate(0 -32)\"><animate attributeName=\"opacity\" from=\"1\" to=\"0\" dur=\"1.5s\" begin=\"1.125s\" repeatCount=\"indefinite\" ><\/rect><rect class=\"wppa-ajaxspin\" x=\"47\" y=\"40\" width=\"6\" height=\"20\" rx=\"3\" ry=\"3\" transform=\"rotate(292.5 50 50) translate(0 -32)\"><animate attributeName=\"opacity\" from=\"1\" to=\"0\" dur=\"1.5s\" begin=\"1.21875s\" repeatCount=\"indefinite\" ><\/rect><rect class=\"wppa-ajaxspin\" x=\"47\" y=\"40\" width=\"6\" height=\"20\" rx=\"3\" ry=\"3\" transform=\"rotate(315 50 50) translate(0 -32)\"><animate attributeName=\"opacity\" from=\"1\" to=\"0\" dur=\"1.5s\" begin=\"1.3125s\" repeatCount=\"indefinite\" ><\/rect><rect class=\"wppa-ajaxspin\" x=\"47\" y=\"40\" width=\"6\" height=\"20\" rx=\"3\" ry=\"3\" transform=\"rotate(337.5 50 50) translate(0 -32)\"><animate attributeName=\"opacity\" from=\"1\" to=\"0\" dur=\"1.5s\" begin=\"1.40625s\" repeatCount=\"indefinite\" ><\/rect><\/svg><input type=\"hidden\" id=\"wppa-nonce-0-1\" name=\"wppa-nonce\" value=\"060157c53e\" ><div id=\"wppa-bc-1\" class=\"wppa-nav wppa-box wppa-nav-text wppa-bc\" ><a href=\"https:\/\/fontscollserola.com#wppa-container-1\" class=\"wppa-nav-text b1\" style=\"cursor:pointer\" title=\"Fonts de Collserola\">Home<\/a><span class=\"wppa-nav-text b1\"> &raquo; <\/span><a href=\"https:\/\/fontscollserola.com\/?p=534#wppa-container-1\" class=\"wppa-nav-text b3\" style=\"cursor:pointer\" title=\"Post: F038-Font de Nova de Can Cat\u00e0\">F038-Font de Nova de Can Cat\u00e0<\/a><span class=\"wppa-nav-text b3\"> &raquo; <\/span><span id=\"bc-pname-1\" class=\"wppa-nav-text b10\"  title=\"\">038-Font de Nova de Can Cat\u00e0<\/span><div style=\"clear:both\"><\/div><\/div><div id=\"wppa-thumb-area-1\" class=\"wppa-box wppa-thumb-area wppa-thumb-area-1\" style=\"overflow:auto;\"><div id=\"wppa-popup-1\" class=\"wppa-popup-frame wppa-thumb-text\" style=\"max-width:2048px;\"><\/div><div style=\"clear:both\"><\/div><div id=\"thumbnail_frame_2dff9e0a9ccaa813_1\" style=\"width: 100px; height: 150px; margin-left: 21px; margin-top: 2px; margin-bottom: 2px;\" class=\"thumbnail-frame thumbnail-frame-1 thumbnail-frame-photo-2dff9e0a9ccaa813\"><div style=\"height:100px;width:100px;overflow:visible;\" class=\"wppa-tn-img-container\"><a style=\"position:static;\" class=\"thumb-img\" id=\"x-150-1\" href=\"https:\/\/fontscollserola.com\/?p=534&lang=es&wppa-slide=1&wppa-occur=1&wppa-album=04f73c9942e9ce06&wppa-photo=2dff9e0a9ccaa813\" onclick=\"wppaDoAjaxRender(event,1,'https:\/\/fontscollserola.com\/index.php?rest_route=\/wp-photo-album-plus\/endPoint?action=wppa&wppa-action=render&wppa-size=640&wppa-occur=1&wppa-fromp=534&lang=es&wppa-slide=1&wppa-occur=1&wppa-album=444&wppa-photo=2dff9e0a9ccaa813','https:\/\/fontscollserola.com\/?p=534&lang=es&wppa-slide=1&wppa-occur=1&wppa-album=04f73c9942e9ce06&wppa-photo=2dff9e0a9ccaa813'); return false;\"><img decoding=\"async\" id=\"i-2dff9e0a9ccaa813-1\" title=\"18.04.2009. Imatge del tub.\" style=\"border-width:0px;width:100px;height:75px;margin-top: 13px;margin-bottom:13px;opacity:0.85;cursor:pointer\" src=\"https:\/\/fontscollserola.com\/wp-content\/uploads\/wppa\/thumbs\/150.jpg?ver=91\" alt=\"18.04.2009. Imatge del tub.\" onmouseover=\"jQuery(this).fadeTo(400, 1.0);if (wppaPopUp) wppaPopUp( 1, this, &#039;2dff9e0a9ccaa813&#039;, &#039;18.04.2009. Imatge del tub.&#039;, &#039;&#039;, &#039;&#039;, &#039;&#039;, &#039;&#039;, &#039;150&#039;, &#039;113&#039; ); \" onmouseout=\"jQuery(this).fadeTo(400, 0.85);\"><\/a><\/div><div style=\"height:63px;width:100px;position:absolute;margin-top:-13px;overflow:hidden;\" class=\"thumbnail-subtext-frame\"><div class=\"wppa-thumb-text\">18.04.2009. Imatge del tub.<\/div><div class=\"wppa-thumb-text\"><\/div><div class=\"wppa-thumb-text\"><\/div><div id=\"wppa-thumb-rat-disp-150\" class=\"wppa-thumb-text\"><\/div><\/div><\/div><div id=\"thumbnail_frame_4b0b98737c2c5294_1\" style=\"width: 100px; height: 150px; margin-left: 21px; margin-top: 2px; margin-bottom: 2px;\" class=\"thumbnail-frame thumbnail-frame-1 thumbnail-frame-photo-4b0b98737c2c5294\"><div style=\"height:100px;width:100px;overflow:visible;\" class=\"wppa-tn-img-container\"><a style=\"position:static;\" class=\"thumb-img\" id=\"x-151-1\" href=\"https:\/\/fontscollserola.com\/?p=534&lang=es&wppa-slide=1&wppa-occur=1&wppa-album=04f73c9942e9ce06&wppa-photo=4b0b98737c2c5294\" onclick=\"wppaDoAjaxRender(event,1,'https:\/\/fontscollserola.com\/index.php?rest_route=\/wp-photo-album-plus\/endPoint?action=wppa&wppa-action=render&wppa-size=640&wppa-occur=1&wppa-fromp=534&lang=es&wppa-slide=1&wppa-occur=1&wppa-album=444&wppa-photo=4b0b98737c2c5294','https:\/\/fontscollserola.com\/?p=534&lang=es&wppa-slide=1&wppa-occur=1&wppa-album=04f73c9942e9ce06&wppa-photo=4b0b98737c2c5294'); return false;\"><img decoding=\"async\" id=\"i-4b0b98737c2c5294-1\" title=\"18.04.2009. Imatge de la bassa i el tub.\" style=\"border-width:0px;width:100px;height:75px;margin-top: 13px;margin-bottom:13px;opacity:0.85;cursor:pointer\" src=\"https:\/\/fontscollserola.com\/wp-content\/uploads\/wppa\/thumbs\/151.jpg?ver=91\" alt=\"18.04.2009. Imatge de la bassa i el tub.\" onmouseover=\"jQuery(this).fadeTo(400, 1.0);if (wppaPopUp) wppaPopUp( 1, this, &#039;4b0b98737c2c5294&#039;, &#039;18.04.2009. Imatge de la bassa i el tub.&#039;, &#039;&#039;, &#039;&#039;, &#039;&#039;, &#039;&#039;, &#039;150&#039;, &#039;113&#039; ); \" onmouseout=\"jQuery(this).fadeTo(400, 0.85);\"><\/a><\/div><div style=\"height:63px;width:100px;position:absolute;margin-top:-13px;overflow:hidden;\" class=\"thumbnail-subtext-frame\"><div class=\"wppa-thumb-text\">18.04.2009. Imatge de la bassa i el tub.<\/div><div class=\"wppa-thumb-text\"><\/div><div class=\"wppa-thumb-text\"><\/div><div id=\"wppa-thumb-rat-disp-151\" class=\"wppa-thumb-text\"><\/div><\/div><\/div><div id=\"thumbnail_frame_2a4115dc8394222f_1\" style=\"width: 100px; height: 150px; margin-left: 21px; margin-top: 2px; margin-bottom: 2px;\" class=\"thumbnail-frame thumbnail-frame-1 thumbnail-frame-photo-2a4115dc8394222f\"><div style=\"height:100px;width:100px;overflow:visible;\" class=\"wppa-tn-img-container\"><a style=\"position:static;\" class=\"thumb-img\" id=\"x-152-1\" href=\"https:\/\/fontscollserola.com\/?p=534&lang=es&wppa-slide=1&wppa-occur=1&wppa-album=04f73c9942e9ce06&wppa-photo=2a4115dc8394222f\" onclick=\"wppaDoAjaxRender(event,1,'https:\/\/fontscollserola.com\/index.php?rest_route=\/wp-photo-album-plus\/endPoint?action=wppa&wppa-action=render&wppa-size=640&wppa-occur=1&wppa-fromp=534&lang=es&wppa-slide=1&wppa-occur=1&wppa-album=444&wppa-photo=2a4115dc8394222f','https:\/\/fontscollserola.com\/?p=534&lang=es&wppa-slide=1&wppa-occur=1&wppa-album=04f73c9942e9ce06&wppa-photo=2a4115dc8394222f'); return false;\"><img decoding=\"async\" id=\"i-2a4115dc8394222f-1\" title=\"18.04.2009. Imatge general de la font.\" style=\"border-width:0px;width:100px;height:75px;margin-top: 13px;margin-bottom:13px;opacity:0.85;cursor:pointer\" src=\"https:\/\/fontscollserola.com\/wp-content\/uploads\/wppa\/thumbs\/152.jpg?ver=91\" alt=\"18.04.2009. Imatge general de la font.\" onmouseover=\"jQuery(this).fadeTo(400, 1.0);if (wppaPopUp) wppaPopUp( 1, this, &#039;2a4115dc8394222f&#039;, &#039;18.04.2009. Imatge general de la font.&#039;, &#039;&#039;, &#039;&#039;, &#039;&#039;, &#039;&#039;, &#039;150&#039;, &#039;113&#039; ); \" onmouseout=\"jQuery(this).fadeTo(400, 0.85);\"><\/a><\/div><div style=\"height:63px;width:100px;position:absolute;margin-top:-13px;overflow:hidden;\" class=\"thumbnail-subtext-frame\"><div class=\"wppa-thumb-text\">18.04.2009. Imatge general de la font.<\/div><div class=\"wppa-thumb-text\"><\/div><div class=\"wppa-thumb-text\"><\/div><div id=\"wppa-thumb-rat-disp-152\" class=\"wppa-thumb-text\"><\/div><\/div><\/div><div id=\"thumbnail_frame_f8d2904ec4b7d974_1\" style=\"width: 100px; height: 150px; margin-left: 21px; margin-top: 2px; margin-bottom: 2px;\" class=\"thumbnail-frame thumbnail-frame-1 thumbnail-frame-photo-f8d2904ec4b7d974\"><div style=\"height:100px;width:100px;overflow:visible;\" class=\"wppa-tn-img-container\"><a style=\"position:static;\" class=\"thumb-img\" id=\"x-153-1\" href=\"https:\/\/fontscollserola.com\/?p=534&lang=es&wppa-slide=1&wppa-occur=1&wppa-album=04f73c9942e9ce06&wppa-photo=f8d2904ec4b7d974\" onclick=\"wppaDoAjaxRender(event,1,'https:\/\/fontscollserola.com\/index.php?rest_route=\/wp-photo-album-plus\/endPoint?action=wppa&wppa-action=render&wppa-size=640&wppa-occur=1&wppa-fromp=534&lang=es&wppa-slide=1&wppa-occur=1&wppa-album=444&wppa-photo=f8d2904ec4b7d974','https:\/\/fontscollserola.com\/?p=534&lang=es&wppa-slide=1&wppa-occur=1&wppa-album=04f73c9942e9ce06&wppa-photo=f8d2904ec4b7d974'); return false;\"><img decoding=\"async\" id=\"i-f8d2904ec4b7d974-1\" title=\"18.04.2009. Imatge general de la font despr\u00e9s de la rehabilitaci\u00f3 de 2010.\" style=\"border-width:0px;width:100px;height:75px;margin-top: 13px;margin-bottom:13px;opacity:0.85;cursor:pointer\" src=\"https:\/\/fontscollserola.com\/wp-content\/uploads\/wppa\/thumbs\/153.jpg?ver=91\" alt=\"18.04.2009. Imatge general de la font despr\u00e9s de la rehabilitaci\u00f3 de 2010.\" onmouseover=\"jQuery(this).fadeTo(400, 1.0);if (wppaPopUp) wppaPopUp( 1, this, &#039;f8d2904ec4b7d974&#039;, &#039;18.04.2009. Imatge general de la font despr\u00e9s de la rehabilitaci\u00f3 de 2010.&#039;, &#039;&#039;, &#039;&#039;, &#039;&#039;, &#039;&#039;, &#039;150&#039;, &#039;113&#039; ); \" onmouseout=\"jQuery(this).fadeTo(400, 0.85);\"><\/a><\/div><div style=\"height:63px;width:100px;position:absolute;margin-top:-13px;overflow:hidden;\" class=\"thumbnail-subtext-frame\"><div class=\"wppa-thumb-text\">18.04.2009. Imatge general de la font despr\u00e9s de la rehabilitaci\u00f3 de 2010.<\/div><div class=\"wppa-thumb-text\"><\/div><div class=\"wppa-thumb-text\"><\/div><div id=\"wppa-thumb-rat-disp-153\" class=\"wppa-thumb-text\"><\/div><\/div><\/div><div id=\"thumbnail_frame_c2c5dccb632979c4_1\" style=\"width: 100px; height: 150px; margin-left: 21px; margin-top: 2px; margin-bottom: 2px;\" class=\"thumbnail-frame thumbnail-frame-1 thumbnail-frame-photo-c2c5dccb632979c4\"><div style=\"height:100px;width:100px;overflow:visible;\" class=\"wppa-tn-img-container\"><a style=\"position:static;\" class=\"thumb-img\" id=\"x-1968-1\" href=\"https:\/\/fontscollserola.com\/?p=534&lang=es&wppa-slide=1&wppa-occur=1&wppa-album=04f73c9942e9ce06&wppa-photo=c2c5dccb632979c4\" onclick=\"wppaDoAjaxRender(event,1,'https:\/\/fontscollserola.com\/index.php?rest_route=\/wp-photo-album-plus\/endPoint?action=wppa&wppa-action=render&wppa-size=640&wppa-occur=1&wppa-fromp=534&lang=es&wppa-slide=1&wppa-occur=1&wppa-album=444&wppa-photo=c2c5dccb632979c4','https:\/\/fontscollserola.com\/?p=534&lang=es&wppa-slide=1&wppa-occur=1&wppa-album=04f73c9942e9ce06&wppa-photo=c2c5dccb632979c4'); return false;\"><img decoding=\"async\" id=\"i-c2c5dccb632979c4-1\" title=\"21.11.2018. Imatge de la bassa i el tub.\" style=\"border-width:0px;width:100px;height:56px;margin-top: 22px;margin-bottom:22px;opacity:0.85;cursor:pointer\" src=\"https:\/\/fontscollserola.com\/wp-content\/uploads\/wppa\/thumbs\/1968.jpg?ver=91\" alt=\"21.11.2018. Imatge de la bassa i el tub.\" onmouseover=\"jQuery(this).fadeTo(400, 1.0);if (wppaPopUp) wppaPopUp( 1, this, &#039;c2c5dccb632979c4&#039;, &#039;21.11.2018. Imatge de la bassa i el tub.&#039;, &#039;&#039;, &#039;&#039;, &#039;&#039;, &#039;&#039;, &#039;150&#039;, &#039;84&#039; ); \" onmouseout=\"jQuery(this).fadeTo(400, 0.85);\"><\/a><\/div><div style=\"height:72px;width:100px;position:absolute;margin-top:-22px;overflow:hidden;\" class=\"thumbnail-subtext-frame\"><div class=\"wppa-thumb-text\">21.11.2018. Imatge de la bassa i el tub.<\/div><div class=\"wppa-thumb-text\"><\/div><div class=\"wppa-thumb-text\"><\/div><div id=\"wppa-thumb-rat-disp-1968\" class=\"wppa-thumb-text\"><\/div><\/div><\/div><div id=\"thumbnail_frame_aa6ff2f5776dc1e4_1\" style=\"width: 100px; height: 150px; margin-left: 21px; margin-top: 2px; margin-bottom: 2px;\" class=\"thumbnail-frame thumbnail-frame-1 thumbnail-frame-photo-aa6ff2f5776dc1e4\"><div style=\"height:100px;width:100px;overflow:visible;\" class=\"wppa-tn-img-container\"><a style=\"position:static;\" class=\"thumb-img\" id=\"x-1969-1\" href=\"https:\/\/fontscollserola.com\/?p=534&lang=es&wppa-slide=1&wppa-occur=1&wppa-album=04f73c9942e9ce06&wppa-photo=aa6ff2f5776dc1e4\" onclick=\"wppaDoAjaxRender(event,1,'https:\/\/fontscollserola.com\/index.php?rest_route=\/wp-photo-album-plus\/endPoint?action=wppa&wppa-action=render&wppa-size=640&wppa-occur=1&wppa-fromp=534&lang=es&wppa-slide=1&wppa-occur=1&wppa-album=444&wppa-photo=aa6ff2f5776dc1e4','https:\/\/fontscollserola.com\/?p=534&lang=es&wppa-slide=1&wppa-occur=1&wppa-album=04f73c9942e9ce06&wppa-photo=aa6ff2f5776dc1e4'); return false;\"><img decoding=\"async\" id=\"i-aa6ff2f5776dc1e4-1\" title=\"21.11.2018. Imatge del tub.\" style=\"border-width:0px;width:100px;height:56px;margin-top: 22px;margin-bottom:22px;opacity:0.85;cursor:pointer\" src=\"https:\/\/fontscollserola.com\/wp-content\/uploads\/wppa\/thumbs\/1969.jpg?ver=91\" alt=\"21.11.2018. Imatge del tub.\" onmouseover=\"jQuery(this).fadeTo(400, 1.0);if (wppaPopUp) wppaPopUp( 1, this, &#039;aa6ff2f5776dc1e4&#039;, &#039;21.11.2018. Imatge del tub.&#039;, &#039;&#039;, &#039;&#039;, &#039;&#039;, &#039;&#039;, &#039;150&#039;, &#039;84&#039; ); \" onmouseout=\"jQuery(this).fadeTo(400, 0.85);\"><\/a><\/div><div style=\"height:72px;width:100px;position:absolute;margin-top:-22px;overflow:hidden;\" class=\"thumbnail-subtext-frame\"><div class=\"wppa-thumb-text\">21.11.2018. Imatge del tub.<\/div><div class=\"wppa-thumb-text\"><\/div><div class=\"wppa-thumb-text\"><\/div><div id=\"wppa-thumb-rat-disp-1969\" class=\"wppa-thumb-text\"><\/div><\/div><\/div><div id=\"thumbnail_frame_8117a3f7a9e2c4b0_1\" style=\"width: 100px; height: 150px; margin-left: 21px; margin-top: 2px; margin-bottom: 2px;\" class=\"thumbnail-frame thumbnail-frame-1 thumbnail-frame-photo-8117a3f7a9e2c4b0\"><div style=\"height:100px;width:100px;overflow:visible;\" class=\"wppa-tn-img-container\"><a style=\"position:static;\" class=\"thumb-img\" id=\"x-2210-1\" href=\"https:\/\/fontscollserola.com\/?p=534&lang=es&wppa-slide=1&wppa-occur=1&wppa-album=04f73c9942e9ce06&wppa-photo=8117a3f7a9e2c4b0\" onclick=\"wppaDoAjaxRender(event,1,'https:\/\/fontscollserola.com\/index.php?rest_route=\/wp-photo-album-plus\/endPoint?action=wppa&wppa-action=render&wppa-size=640&wppa-occur=1&wppa-fromp=534&lang=es&wppa-slide=1&wppa-occur=1&wppa-album=444&wppa-photo=8117a3f7a9e2c4b0','https:\/\/fontscollserola.com\/?p=534&lang=es&wppa-slide=1&wppa-occur=1&wppa-album=04f73c9942e9ce06&wppa-photo=8117a3f7a9e2c4b0'); return false;\"><img decoding=\"async\" id=\"i-8117a3f7a9e2c4b0-1\" title=\"Foto antiga d\u2019una celebraci\u00f3 a la font.\" style=\"border-width:0px;width:100px;height:79px;margin-top: 11px;margin-bottom:11px;opacity:0.85;cursor:pointer\" src=\"https:\/\/fontscollserola.com\/wp-content\/uploads\/wppa\/thumbs\/2210.jpg?ver=91\" alt=\"Foto antiga d\u2019una celebraci\u00f3 a la font.\" onmouseover=\"jQuery(this).fadeTo(400, 1.0);if (wppaPopUp) wppaPopUp( 1, this, &#039;8117a3f7a9e2c4b0&#039;, &#039;Foto antiga d\u2019una celebraci\u00f3 a la font.&#039;, &#039;&#039;, &#039;&#039;, &#039;&#039;, &#039;&#039;, &#039;150&#039;, &#039;119&#039; ); \" onmouseout=\"jQuery(this).fadeTo(400, 0.85);\"><\/a><\/div><div style=\"height:61px;width:100px;position:absolute;margin-top:-11px;overflow:hidden;\" class=\"thumbnail-subtext-frame\"><div class=\"wppa-thumb-text\">Foto antiga d\u2019una celebraci\u00f3 a la font.<\/div><div class=\"wppa-thumb-text\"><\/div><div class=\"wppa-thumb-text\"><\/div><div id=\"wppa-thumb-rat-disp-2210\" class=\"wppa-thumb-text\"><\/div><\/div><\/div><div id=\"thumbnail_frame_b9c7e58d6efb18a9_1\" style=\"width: 100px; height: 150px; margin-left: 21px; margin-top: 2px; margin-bottom: 2px;\" class=\"thumbnail-frame thumbnail-frame-1 thumbnail-frame-photo-b9c7e58d6efb18a9\"><div style=\"height:100px;width:100px;overflow:visible;\" class=\"wppa-tn-img-container\"><a style=\"position:static;\" class=\"thumb-img\" id=\"x-2606-1\" href=\"https:\/\/fontscollserola.com\/?p=534&lang=es&wppa-slide=1&wppa-occur=1&wppa-album=04f73c9942e9ce06&wppa-photo=b9c7e58d6efb18a9\" onclick=\"wppaDoAjaxRender(event,1,'https:\/\/fontscollserola.com\/index.php?rest_route=\/wp-photo-album-plus\/endPoint?action=wppa&wppa-action=render&wppa-size=640&wppa-occur=1&wppa-fromp=534&lang=es&wppa-slide=1&wppa-occur=1&wppa-album=444&wppa-photo=b9c7e58d6efb18a9','https:\/\/fontscollserola.com\/?p=534&lang=es&wppa-slide=1&wppa-occur=1&wppa-album=04f73c9942e9ce06&wppa-photo=b9c7e58d6efb18a9'); return false;\"><img decoding=\"async\" id=\"i-b9c7e58d6efb18a9-1\" title=\"26.11.2011. Foto de la bassa que hi ha a uns metres m\u00e9s avall.\" style=\"border-width:0px;width:100px;height:75px;margin-top: 13px;margin-bottom:13px;opacity:0.85;cursor:pointer\" src=\"https:\/\/fontscollserola.com\/wp-content\/uploads\/wppa\/thumbs\/2606.jpg?ver=91\" alt=\"26.11.2011. Foto de la bassa que hi ha a uns metres m\u00e9s avall.\" onmouseover=\"jQuery(this).fadeTo(400, 1.0);if (wppaPopUp) wppaPopUp( 1, this, &#039;b9c7e58d6efb18a9&#039;, &#039;26.11.2011. Foto de la bassa que hi ha a uns metres m\u00e9s avall.&#039;, &#039;&#039;, &#039;&#039;, &#039;&#039;, &#039;&#039;, &#039;150&#039;, &#039;113&#039; ); \" onmouseout=\"jQuery(this).fadeTo(400, 0.85);\"><\/a><\/div><div style=\"height:63px;width:100px;position:absolute;margin-top:-13px;overflow:hidden;\" class=\"thumbnail-subtext-frame\"><div class=\"wppa-thumb-text\">26.11.2011. Foto de la bassa que hi ha a uns metres m\u00e9s avall.<\/div><div class=\"wppa-thumb-text\"><\/div><div class=\"wppa-thumb-text\"><\/div><div id=\"wppa-thumb-rat-disp-2606\" class=\"wppa-thumb-text\"><\/div><\/div><\/div><div class=\"wppa-clear\"><\/div><\/div><div style=\"clear:both;\"><\/div><div id=\"wppa-container-1-end\"><\/div><\/div><\/div>\n<!-- End [wppa type=\"content\" album=\"444\"] \/index.php?rest_route=%2Fwp%2Fv2%2Fposts%2F534 oc 1 36 queries in 44.8 ms. at 4:09 pm. Max mem: 83.00 Mb. -->\n<p><iframe loading=\"lazy\" title=\"038.- Font de Nova de Can Cat\u00e0. Font de Collserola\" width=\"625\" height=\"469\" src=\"https:\/\/www.youtube.com\/embed\/yel_VbI5Vqg?feature=oembed\" frameborder=\"0\" allow=\"accelerometer; autoplay; clipboard-write; encrypted-media; gyroscope; picture-in-picture; web-share\" referrerpolicy=\"strict-origin-when-cross-origin\" allowfullscreen><\/iframe><\/p>\n","protected":false},"excerpt":{"rendered":"<p>Descripci\u00f3: Aquesta font i els altres elements constru\u00efts al voltant, formen un conjunt\u00a0 d\u2019una bellesa notable. El frontal de la font est\u00e0 integrat en una paret molt gran on en destaquen una\u00a0 postada per posar-hi una est\u00e0tua i el tub que \u00e9s de grans dimensions. La pica \u00e9s molt gran: t\u00e9 forma semicircular i uns [&hellip;]<\/p>\n","protected":false},"author":3,"featured_media":0,"comment_status":"closed","ping_status":"open","sticky":false,"template":"","format":"standard","meta":{"footnotes":""},"categories":[14,6],"tags":[],"class_list":["post-534","post","type-post","status-publish","format-standard","hentry","category-14","category-ce"],"_links":{"self":[{"href":"https:\/\/fontscollserola.com\/index.php?rest_route=\/wp\/v2\/posts\/534","targetHints":{"allow":["GET"]}}],"collection":[{"href":"https:\/\/fontscollserola.com\/index.php?rest_route=\/wp\/v2\/posts"}],"about":[{"href":"https:\/\/fontscollserola.com\/index.php?rest_route=\/wp\/v2\/types\/post"}],"author":[{"embeddable":true,"href":"https:\/\/fontscollserola.com\/index.php?rest_route=\/wp\/v2\/users\/3"}],"replies":[{"embeddable":true,"href":"https:\/\/fontscollserola.com\/index.php?rest_route=%2Fwp%2Fv2%2Fcomments&post=534"}],"version-history":[{"count":6,"href":"https:\/\/fontscollserola.com\/index.php?rest_route=\/wp\/v2\/posts\/534\/revisions"}],"predecessor-version":[{"id":9351,"href":"https:\/\/fontscollserola.com\/index.php?rest_route=\/wp\/v2\/posts\/534\/revisions\/9351"}],"wp:attachment":[{"href":"https:\/\/fontscollserola.com\/index.php?rest_route=%2Fwp%2Fv2%2Fmedia&parent=534"}],"wp:term":[{"taxonomy":"category","embeddable":true,"href":"https:\/\/fontscollserola.com\/index.php?rest_route=%2Fwp%2Fv2%2Fcategories&post=534"},{"taxonomy":"post_tag","embeddable":true,"href":"https:\/\/fontscollserola.com\/index.php?rest_route=%2Fwp%2Fv2%2Ftags&post=534"}],"curies":[{"name":"wp","href":"https:\/\/api.w.org\/{rel}","templated":true}]}}