{"id":844,"date":"2013-08-24T21:09:08","date_gmt":"2013-08-24T19:09:08","guid":{"rendered":"http:\/\/fontscollserola.com\/?p=844"},"modified":"2025-11-30T14:37:34","modified_gmt":"2025-11-30T13:37:34","slug":"f082-font-de-can-castellvi","status":"publish","type":"post","link":"https:\/\/fontscollserola.com\/?p=844","title":{"rendered":"F082-Font de Can Castellv\u00ed"},"content":{"rendered":"<p>Descripci\u00f3:<\/p>\n<p>Construcci\u00f3 austera de totxo arrebossat amb la inscripci\u00f3 de la font i la data en que va ser reformada, el 1925.<br \/>\nDurant el 2008 ha estat recuperada tota l&#8217;\u00e0rea de la font i presenta un aspecte molt acollidor. A la terrassa superior hi ha el pou, amb la seva maquin\u00e0ria, i a una terrassa inferior hi ha la font i la bassa safareig.<br \/>\nCom que la font cau enclotada, les quatre escales ens permeten accedir al tub de coure, i a la pica. El tub raja poc i l&#8217;aigua es condu\u00efda a la bassa safareig.<\/p>\n<p>A aquesta font s\u2019hi ha fet obres importants dins el Projecte d\u2019adequaci\u00f3 i conservaci\u00f3 de 13 fonts del Parc Natural de Collserola al Municipi de Barcelona, dut a terme amb fons Next Generation des del mes d\u2019octubre de 2025 al de mar\u00e7 de 2026. <a href=\"https:\/\/activitats4f.blogspot.com\/2025\/11\/122-visita-unes-fonts-que-estan-en-obres.html\">Llegiu m\u00e9s.<\/a><\/p>\n<p>Coordenades: <a href=\"https:\/\/www.google.com\/maps\/place\/41%C2%B025'13.4%22N+2%C2%B005'05.5%22E\/@41.4203979,2.084866,17z\/data=!3m1!4b1!4m5!3m4!1s0x0:0x0!8m2!3d41.4203979!4d2.084866\">41.4203979\u00baN 2.0848660\u00baE<\/a><\/p>\n<p>(Fotos del 07.03.2009)<\/p>\n<p>Al\u00e7ada en metres: 210<br \/>\nRecorregut en les excursions de grup: E01, E07, E13.<br \/>\nRecorregut a l\u2019excursi\u00f3 de recerca: R02<\/p>\n<p>Dany \u00c0lvarez a la revista Guiaparcollserola de mes de setembre de 2006 diu:<br \/>\nLa font de Can Castellv\u00ed era considerada una de les millors de la serra&#8230; De fet un refrany popular deia: \u201cOmple m\u00e9s que un got de vi, l\u2019aigua de Can Castellv\u00ed\u201d. Va ser el lloc escollit els diumenges per moltes fam\u00edlies barcelonines que volien gaudir d\u2019un dia d\u2019esbarjo. De fet l\u2019any 1876 aquesta font fou l\u2019escenari d\u2019un banquet d\u2019homenatge a un dels inventors m\u00e9s incompresos a la seva \u00e8poca, Narc\u00eds Monturiol, que havia constru\u00eft el primer submar\u00ed.<br \/>\n \n<!-- Start container 1 --><div id=\"wppa-modal-container-1\" class=\"wppa-modal-container\" style=\"position:relative;z-index:100000;\" data-wppa=\"yes\" ontouchmove=\"event.stopPropagation();\"><\/div><div id=\"wppa-container-wrapper-1\" class=\"alignnone wppa-container-wrapper \" style=\"width:100%;clear:both;padding:0;position:relative;\"><div id=\"wppa-container-1\" style=\"width:100%;\" class=\"wppa-container wppa-container-1 wppa-rev-9111001 wppa-prevrev-9110011 wppa-theme-9.1.11.001 wppa-api-9.1.11.001\"><svg id=\"wppa-ajax-spin-1\" class=\"wppa-ajax-spin uil-default\" width=\"120px\" height=\"120px\" viewBox=\"0 0 100 100\" preserveAspectRatio=\"xMidYMid\" stroke=\"\" style=\"width:120px; height:120px; position:fixed; top:50%; margin-top:-60px; left:50%; margin-left:-60px; opacity:1; display:none; fill:#666666; background-color:#dddddd; border-radius:12px;\"><rect x=\"0\" y=\"0\" width=\"100\" height=\"100\" fill=\"none\" class=\"bk\"><\/rect><rect class=\"wppa-ajaxspin\" x=\"47\" y=\"40\" width=\"6\" height=\"20\" rx=\"3\" ry=\"3\" transform=\"rotate(0 50 50) translate(0 -32)\"><animate attributeName=\"opacity\" from=\"1\" to=\"0\" dur=\"1.5s\" begin=\"0s\" repeatCount=\"indefinite\" ><\/rect><rect class=\"wppa-ajaxspin\" x=\"47\" y=\"40\" width=\"6\" height=\"20\" rx=\"3\" ry=\"3\" transform=\"rotate(22.5 50 50) translate(0 -32)\"><animate attributeName=\"opacity\" from=\"1\" to=\"0\" dur=\"1.5s\" begin=\"0.09375s\" repeatCount=\"indefinite\" ><\/rect><rect class=\"wppa-ajaxspin\" x=\"47\" y=\"40\" width=\"6\" height=\"20\" rx=\"3\" ry=\"3\" transform=\"rotate(45 50 50) translate(0 -32)\"><animate attributeName=\"opacity\" from=\"1\" to=\"0\" dur=\"1.5s\" begin=\"0.1875s\" repeatCount=\"indefinite\" ><\/rect><rect class=\"wppa-ajaxspin\" x=\"47\" y=\"40\" width=\"6\" height=\"20\" rx=\"3\" ry=\"3\" transform=\"rotate(67.5 50 50) translate(0 -32)\"><animate attributeName=\"opacity\" from=\"1\" to=\"0\" dur=\"1.5s\" begin=\"0.28125s\" repeatCount=\"indefinite\" ><\/rect><rect class=\"wppa-ajaxspin\" x=\"47\" y=\"40\" width=\"6\" height=\"20\" rx=\"3\" ry=\"3\" transform=\"rotate(90 50 50) translate(0 -32)\"><animate attributeName=\"opacity\" from=\"1\" to=\"0\" dur=\"1.5s\" begin=\"0.375s\" repeatCount=\"indefinite\" ><\/rect><rect class=\"wppa-ajaxspin\" x=\"47\" y=\"40\" width=\"6\" height=\"20\" rx=\"3\" ry=\"3\" transform=\"rotate(112.5 50 50) translate(0 -32)\"><animate attributeName=\"opacity\" from=\"1\" to=\"0\" dur=\"1.5s\" begin=\"0.46875s\" repeatCount=\"indefinite\" ><\/rect><rect class=\"wppa-ajaxspin\" x=\"47\" y=\"40\" width=\"6\" height=\"20\" rx=\"3\" ry=\"3\" transform=\"rotate(135 50 50) translate(0 -32)\"><animate attributeName=\"opacity\" from=\"1\" to=\"0\" dur=\"1.5s\" begin=\"0.5625s\" repeatCount=\"indefinite\" ><\/rect><rect class=\"wppa-ajaxspin\" x=\"47\" y=\"40\" width=\"6\" height=\"20\" rx=\"3\" ry=\"3\" transform=\"rotate(157.5 50 50) translate(0 -32)\"><animate attributeName=\"opacity\" from=\"1\" to=\"0\" dur=\"1.5s\" begin=\"0.65625s\" repeatCount=\"indefinite\" ><\/rect><rect class=\"wppa-ajaxspin\" x=\"47\" y=\"40\" width=\"6\" height=\"20\" rx=\"3\" ry=\"3\" transform=\"rotate(180 50 50) translate(0 -32)\"><animate attributeName=\"opacity\" from=\"1\" to=\"0\" dur=\"1.5s\" begin=\"0.75s\" repeatCount=\"indefinite\" ><\/rect><rect class=\"wppa-ajaxspin\" x=\"47\" y=\"40\" width=\"6\" height=\"20\" rx=\"3\" ry=\"3\" transform=\"rotate(202.5 50 50) translate(0 -32)\"><animate attributeName=\"opacity\" from=\"1\" to=\"0\" dur=\"1.5s\" begin=\"0.84375s\" repeatCount=\"indefinite\" ><\/rect><rect class=\"wppa-ajaxspin\" x=\"47\" y=\"40\" width=\"6\" height=\"20\" rx=\"3\" ry=\"3\" transform=\"rotate(225 50 50) translate(0 -32)\"><animate attributeName=\"opacity\" from=\"1\" to=\"0\" dur=\"1.5s\" begin=\"0.9375s\" repeatCount=\"indefinite\" ><\/rect><rect class=\"wppa-ajaxspin\" x=\"47\" y=\"40\" width=\"6\" height=\"20\" rx=\"3\" ry=\"3\" transform=\"rotate(247.5 50 50) translate(0 -32)\"><animate attributeName=\"opacity\" from=\"1\" to=\"0\" dur=\"1.5s\" begin=\"1.03125s\" repeatCount=\"indefinite\" ><\/rect><rect class=\"wppa-ajaxspin\" x=\"47\" y=\"40\" width=\"6\" height=\"20\" rx=\"3\" ry=\"3\" transform=\"rotate(270 50 50) translate(0 -32)\"><animate attributeName=\"opacity\" from=\"1\" to=\"0\" dur=\"1.5s\" begin=\"1.125s\" repeatCount=\"indefinite\" ><\/rect><rect class=\"wppa-ajaxspin\" x=\"47\" y=\"40\" width=\"6\" height=\"20\" rx=\"3\" ry=\"3\" transform=\"rotate(292.5 50 50) translate(0 -32)\"><animate attributeName=\"opacity\" from=\"1\" to=\"0\" dur=\"1.5s\" begin=\"1.21875s\" repeatCount=\"indefinite\" ><\/rect><rect class=\"wppa-ajaxspin\" x=\"47\" y=\"40\" width=\"6\" height=\"20\" rx=\"3\" ry=\"3\" transform=\"rotate(315 50 50) translate(0 -32)\"><animate attributeName=\"opacity\" from=\"1\" to=\"0\" dur=\"1.5s\" begin=\"1.3125s\" repeatCount=\"indefinite\" ><\/rect><rect class=\"wppa-ajaxspin\" x=\"47\" y=\"40\" width=\"6\" height=\"20\" rx=\"3\" ry=\"3\" transform=\"rotate(337.5 50 50) translate(0 -32)\"><animate attributeName=\"opacity\" from=\"1\" to=\"0\" dur=\"1.5s\" begin=\"1.40625s\" repeatCount=\"indefinite\" ><\/rect><\/svg><input type=\"hidden\" id=\"wppa-nonce-0-1\" name=\"wppa-nonce\" value=\"060157c53e\" ><div id=\"wppa-bc-1\" class=\"wppa-nav wppa-box wppa-nav-text wppa-bc\" ><a href=\"https:\/\/fontscollserola.com#wppa-container-1\" class=\"wppa-nav-text b1\" style=\"cursor:pointer\" title=\"Fonts de Collserola\">Home<\/a><span class=\"wppa-nav-text b1\"> &raquo; <\/span><a href=\"https:\/\/fontscollserola.com\/?p=844#wppa-container-1\" class=\"wppa-nav-text b3\" style=\"cursor:pointer\" title=\"Post: F082-Font de Can Castellv\u00ed\">F082-Font de Can Castellv\u00ed<\/a><span class=\"wppa-nav-text b3\"> &raquo; <\/span><span id=\"bc-pname-1\" class=\"wppa-nav-text b10\"  title=\"\">082-Font de Can Castellv\u00ed<\/span><div style=\"clear:both\"><\/div><\/div><div id=\"wppa-thumb-area-1\" class=\"wppa-box wppa-thumb-area wppa-thumb-area-1\" style=\"overflow:auto;\"><div id=\"wppa-popup-1\" class=\"wppa-popup-frame wppa-thumb-text\" style=\"max-width:2048px;\"><\/div><div style=\"clear:both\"><\/div><div id=\"thumbnail_frame_79d14e36a6beba3a_1\" style=\"width: 100px; height: 150px; margin-left: 21px; margin-top: 2px; margin-bottom: 2px;\" class=\"thumbnail-frame thumbnail-frame-1 thumbnail-frame-photo-79d14e36a6beba3a\"><div style=\"height:100px;width:100px;overflow:visible;\" class=\"wppa-tn-img-container\"><a style=\"position:static;\" class=\"thumb-img\" id=\"x-520-1\" href=\"https:\/\/fontscollserola.com\/?p=844&lang=es&wppa-slide=1&wppa-occur=1&wppa-album=c56bdb3328cdd9f7&wppa-photo=79d14e36a6beba3a\" onclick=\"wppaDoAjaxRender(event,1,'https:\/\/fontscollserola.com\/index.php?rest_route=\/wp-photo-album-plus\/endPoint?action=wppa&wppa-action=render&wppa-size=640&wppa-occur=1&wppa-fromp=844&lang=es&wppa-slide=1&wppa-occur=1&wppa-album=484&wppa-photo=79d14e36a6beba3a','https:\/\/fontscollserola.com\/?p=844&lang=es&wppa-slide=1&wppa-occur=1&wppa-album=c56bdb3328cdd9f7&wppa-photo=79d14e36a6beba3a'); return false;\"><img decoding=\"async\" id=\"i-79d14e36a6beba3a-1\" title=\"Imatge del tub. \" style=\"border-width:0px;width:100px;height:75px;margin-top: 13px;margin-bottom:13px;opacity:0.85;cursor:pointer\" src=\"https:\/\/fontscollserola.com\/wp-content\/uploads\/wppa\/thumbs\/520.jpg?ver=91\" alt=\"Imatge del tub. \" onmouseover=\"jQuery(this).fadeTo(400, 1.0);if (wppaPopUp) wppaPopUp( 1, this, &#039;79d14e36a6beba3a&#039;, &#039;Imatge del tub. &#039;, &#039;&#039;, &#039;&#039;, &#039;&#039;, &#039;&#039;, &#039;150&#039;, &#039;113&#039; ); \" onmouseout=\"jQuery(this).fadeTo(400, 0.85);\"><\/a><\/div><div style=\"height:63px;width:100px;position:absolute;margin-top:-13px;overflow:hidden;\" class=\"thumbnail-subtext-frame\"><div class=\"wppa-thumb-text\">Imatge del tub. <\/div><div class=\"wppa-thumb-text\"><\/div><div class=\"wppa-thumb-text\"><\/div><div id=\"wppa-thumb-rat-disp-520\" class=\"wppa-thumb-text\"><\/div><\/div><\/div><div id=\"thumbnail_frame_43ee54d74bdb0a02_1\" style=\"width: 100px; height: 150px; margin-left: 21px; margin-top: 2px; margin-bottom: 2px;\" class=\"thumbnail-frame thumbnail-frame-1 thumbnail-frame-photo-43ee54d74bdb0a02\"><div style=\"height:100px;width:100px;overflow:visible;\" class=\"wppa-tn-img-container\"><a style=\"position:static;\" class=\"thumb-img\" id=\"x-521-1\" href=\"https:\/\/fontscollserola.com\/?p=844&lang=es&wppa-slide=1&wppa-occur=1&wppa-album=c56bdb3328cdd9f7&wppa-photo=43ee54d74bdb0a02\" onclick=\"wppaDoAjaxRender(event,1,'https:\/\/fontscollserola.com\/index.php?rest_route=\/wp-photo-album-plus\/endPoint?action=wppa&wppa-action=render&wppa-size=640&wppa-occur=1&wppa-fromp=844&lang=es&wppa-slide=1&wppa-occur=1&wppa-album=484&wppa-photo=43ee54d74bdb0a02','https:\/\/fontscollserola.com\/?p=844&lang=es&wppa-slide=1&wppa-occur=1&wppa-album=c56bdb3328cdd9f7&wppa-photo=43ee54d74bdb0a02'); return false;\"><img decoding=\"async\" id=\"i-43ee54d74bdb0a02-1\" title=\"Imatge de les escales per accedir a la font.\" style=\"border-width:0px;width:100px;height:75px;margin-top: 13px;margin-bottom:13px;opacity:0.85;cursor:pointer\" src=\"https:\/\/fontscollserola.com\/wp-content\/uploads\/wppa\/thumbs\/521.jpg?ver=91\" alt=\"Imatge de les escales per accedir a la font.\" onmouseover=\"jQuery(this).fadeTo(400, 1.0);if (wppaPopUp) wppaPopUp( 1, this, &#039;43ee54d74bdb0a02&#039;, &#039;Imatge de les escales per accedir a la font.&#039;, &#039;&#039;, &#039;&#039;, &#039;&#039;, &#039;&#039;, &#039;150&#039;, &#039;113&#039; ); \" onmouseout=\"jQuery(this).fadeTo(400, 0.85);\"><\/a><\/div><div style=\"height:63px;width:100px;position:absolute;margin-top:-13px;overflow:hidden;\" class=\"thumbnail-subtext-frame\"><div class=\"wppa-thumb-text\">Imatge de les escales per accedir a la font.<\/div><div class=\"wppa-thumb-text\"><\/div><div class=\"wppa-thumb-text\"><\/div><div id=\"wppa-thumb-rat-disp-521\" class=\"wppa-thumb-text\"><\/div><\/div><\/div><div id=\"thumbnail_frame_4aa723253a7afe10_1\" style=\"width: 100px; height: 150px; margin-left: 21px; margin-top: 2px; margin-bottom: 2px;\" class=\"thumbnail-frame thumbnail-frame-1 thumbnail-frame-photo-4aa723253a7afe10\"><div style=\"height:100px;width:100px;overflow:visible;\" class=\"wppa-tn-img-container\"><a style=\"position:static;\" class=\"thumb-img\" id=\"x-522-1\" href=\"https:\/\/fontscollserola.com\/?p=844&lang=es&wppa-slide=1&wppa-occur=1&wppa-album=c56bdb3328cdd9f7&wppa-photo=4aa723253a7afe10\" onclick=\"wppaDoAjaxRender(event,1,'https:\/\/fontscollserola.com\/index.php?rest_route=\/wp-photo-album-plus\/endPoint?action=wppa&wppa-action=render&wppa-size=640&wppa-occur=1&wppa-fromp=844&lang=es&wppa-slide=1&wppa-occur=1&wppa-album=484&wppa-photo=4aa723253a7afe10','https:\/\/fontscollserola.com\/?p=844&lang=es&wppa-slide=1&wppa-occur=1&wppa-album=c56bdb3328cdd9f7&wppa-photo=4aa723253a7afe10'); return false;\"><img decoding=\"async\" id=\"i-4aa723253a7afe10-1\" title=\"Vista general de l\u2019\u00e0rea amb el pou, la font i el safareig.\" style=\"border-width:0px;width:100px;height:75px;margin-top: 13px;margin-bottom:13px;opacity:0.85;cursor:pointer\" src=\"https:\/\/fontscollserola.com\/wp-content\/uploads\/wppa\/thumbs\/522.jpg?ver=91\" alt=\"Vista general de l\u2019\u00e0rea amb el pou, la font i el safareig.\" onmouseover=\"jQuery(this).fadeTo(400, 1.0);if (wppaPopUp) wppaPopUp( 1, this, &#039;4aa723253a7afe10&#039;, &#039;Vista general de l\u2019\u00e0rea amb el pou, la font i el safareig.&#039;, &#039;&#039;, &#039;&#039;, &#039;&#039;, &#039;&#039;, &#039;150&#039;, &#039;113&#039; ); \" onmouseout=\"jQuery(this).fadeTo(400, 0.85);\"><\/a><\/div><div style=\"height:63px;width:100px;position:absolute;margin-top:-13px;overflow:hidden;\" class=\"thumbnail-subtext-frame\"><div class=\"wppa-thumb-text\">Vista general de l\u2019\u00e0rea amb el pou, la font i el safareig.<\/div><div class=\"wppa-thumb-text\"><\/div><div class=\"wppa-thumb-text\"><\/div><div id=\"wppa-thumb-rat-disp-522\" class=\"wppa-thumb-text\"><\/div><\/div><\/div><div id=\"thumbnail_frame_b4edf5c76e9322f5_1\" style=\"width: 100px; height: 150px; margin-left: 21px; margin-top: 2px; margin-bottom: 2px;\" class=\"thumbnail-frame thumbnail-frame-1 thumbnail-frame-photo-b4edf5c76e9322f5\"><div style=\"height:100px;width:100px;overflow:visible;\" class=\"wppa-tn-img-container\"><a style=\"position:static;\" class=\"thumb-img\" id=\"x-523-1\" href=\"https:\/\/fontscollserola.com\/?p=844&lang=es&wppa-slide=1&wppa-occur=1&wppa-album=c56bdb3328cdd9f7&wppa-photo=b4edf5c76e9322f5\" onclick=\"wppaDoAjaxRender(event,1,'https:\/\/fontscollserola.com\/index.php?rest_route=\/wp-photo-album-plus\/endPoint?action=wppa&wppa-action=render&wppa-size=640&wppa-occur=1&wppa-fromp=844&lang=es&wppa-slide=1&wppa-occur=1&wppa-album=484&wppa-photo=b4edf5c76e9322f5','https:\/\/fontscollserola.com\/?p=844&lang=es&wppa-slide=1&wppa-occur=1&wppa-album=c56bdb3328cdd9f7&wppa-photo=b4edf5c76e9322f5'); return false;\"><img decoding=\"async\" id=\"i-b4edf5c76e9322f5-1\" title=\"Imatge de la bassa safareig i de la font.\" style=\"border-width:0px;width:100px;height:75px;margin-top: 13px;margin-bottom:13px;opacity:0.85;cursor:pointer\" src=\"https:\/\/fontscollserola.com\/wp-content\/uploads\/wppa\/thumbs\/523.jpg?ver=91\" alt=\"Imatge de la bassa safareig i de la font.\" onmouseover=\"jQuery(this).fadeTo(400, 1.0);if (wppaPopUp) wppaPopUp( 1, this, &#039;b4edf5c76e9322f5&#039;, &#039;Imatge de la bassa safareig i de la font.&#039;, &#039;&#039;, &#039;&#039;, &#039;&#039;, &#039;&#039;, &#039;150&#039;, &#039;113&#039; ); \" onmouseout=\"jQuery(this).fadeTo(400, 0.85);\"><\/a><\/div><div style=\"height:63px;width:100px;position:absolute;margin-top:-13px;overflow:hidden;\" class=\"thumbnail-subtext-frame\"><div class=\"wppa-thumb-text\">Imatge de la bassa safareig i de la font.<\/div><div class=\"wppa-thumb-text\"><\/div><div class=\"wppa-thumb-text\"><\/div><div id=\"wppa-thumb-rat-disp-523\" class=\"wppa-thumb-text\"><\/div><\/div><\/div><div id=\"thumbnail_frame_1a1649c5dba9d1e0_1\" style=\"width: 100px; height: 150px; margin-left: 21px; margin-top: 2px; margin-bottom: 2px;\" class=\"thumbnail-frame thumbnail-frame-1 thumbnail-frame-photo-1a1649c5dba9d1e0\"><div style=\"height:100px;width:100px;overflow:visible;\" class=\"wppa-tn-img-container\"><a style=\"position:static;\" class=\"thumb-img\" id=\"x-524-1\" href=\"https:\/\/fontscollserola.com\/?p=844&lang=es&wppa-slide=1&wppa-occur=1&wppa-album=c56bdb3328cdd9f7&wppa-photo=1a1649c5dba9d1e0\" onclick=\"wppaDoAjaxRender(event,1,'https:\/\/fontscollserola.com\/index.php?rest_route=\/wp-photo-album-plus\/endPoint?action=wppa&wppa-action=render&wppa-size=640&wppa-occur=1&wppa-fromp=844&lang=es&wppa-slide=1&wppa-occur=1&wppa-album=484&wppa-photo=1a1649c5dba9d1e0','https:\/\/fontscollserola.com\/?p=844&lang=es&wppa-slide=1&wppa-occur=1&wppa-album=c56bdb3328cdd9f7&wppa-photo=1a1649c5dba9d1e0'); return false;\"><img decoding=\"async\" id=\"i-1a1649c5dba9d1e0-1\" title=\"Imatge de la font i del safareig abans de la recuperaci\u00f3 del l\u2019any 2008.\" style=\"border-width:0px;width:100px;height:75px;margin-top: 13px;margin-bottom:13px;opacity:0.85;cursor:pointer\" src=\"https:\/\/fontscollserola.com\/wp-content\/uploads\/wppa\/thumbs\/524.jpg?ver=91\" alt=\"Imatge de la font i del safareig abans de la recuperaci\u00f3 del l\u2019any 2008.\" onmouseover=\"jQuery(this).fadeTo(400, 1.0);if (wppaPopUp) wppaPopUp( 1, this, &#039;1a1649c5dba9d1e0&#039;, &#039;Imatge de la font i del safareig abans de la recuperaci\u00f3 del l\u2019any 2008.&#039;, &#039;&#039;, &#039;&#039;, &#039;&#039;, &#039;&#039;, &#039;150&#039;, &#039;113&#039; ); \" onmouseout=\"jQuery(this).fadeTo(400, 0.85);\"><\/a><\/div><div style=\"height:63px;width:100px;position:absolute;margin-top:-13px;overflow:hidden;\" class=\"thumbnail-subtext-frame\"><div class=\"wppa-thumb-text\">Imatge de la font i del safareig abans de la recuperaci\u00f3 del l\u2019any 2008.<\/div><div class=\"wppa-thumb-text\"><\/div><div class=\"wppa-thumb-text\"><\/div><div id=\"wppa-thumb-rat-disp-524\" class=\"wppa-thumb-text\"><\/div><\/div><\/div><div id=\"thumbnail_frame_0d965755a9700297_1\" style=\"width: 100px; height: 150px; margin-left: 21px; margin-top: 2px; margin-bottom: 2px;\" class=\"thumbnail-frame thumbnail-frame-1 thumbnail-frame-photo-0d965755a9700297\"><div style=\"height:100px;width:100px;overflow:visible;\" class=\"wppa-tn-img-container\"><a style=\"position:static;\" class=\"thumb-img\" id=\"x-525-1\" href=\"https:\/\/fontscollserola.com\/?p=844&lang=es&wppa-slide=1&wppa-occur=1&wppa-album=c56bdb3328cdd9f7&wppa-photo=0d965755a9700297\" onclick=\"wppaDoAjaxRender(event,1,'https:\/\/fontscollserola.com\/index.php?rest_route=\/wp-photo-album-plus\/endPoint?action=wppa&wppa-action=render&wppa-size=640&wppa-occur=1&wppa-fromp=844&lang=es&wppa-slide=1&wppa-occur=1&wppa-album=484&wppa-photo=0d965755a9700297','https:\/\/fontscollserola.com\/?p=844&lang=es&wppa-slide=1&wppa-occur=1&wppa-album=c56bdb3328cdd9f7&wppa-photo=0d965755a9700297'); return false;\"><img decoding=\"async\" id=\"i-0d965755a9700297-1\" title=\"Foto antiga del llibre: Cat\u00e0leg de targetes postals de Barcelona. D\u2019Ernesto Boix Felip. Ajuntament de Barcelona.\" style=\"border-width:0px;width:100px;height:63px;margin-top: 19px;margin-bottom:19px;opacity:0.85;cursor:pointer\" src=\"https:\/\/fontscollserola.com\/wp-content\/uploads\/wppa\/thumbs\/525.jpg?ver=91\" alt=\"Foto antiga del llibre: Cat\u00e0leg de targetes postals de Barcelona. D\u2019Ernesto Boix Felip. Ajuntament de Barcelona.\" onmouseover=\"jQuery(this).fadeTo(400, 1.0);if (wppaPopUp) wppaPopUp( 1, this, &#039;0d965755a9700297&#039;, &#039;Foto antiga del llibre: Cat\u00e0leg de targetes postals de Barcelona. D\u2019Ernesto Boix Felip. Ajuntament de Barcelona.&#039;, &#039;&#039;, &#039;&#039;, &#039;&#039;, &#039;&#039;, &#039;150&#039;, &#039;94&#039; ); \" onmouseout=\"jQuery(this).fadeTo(400, 0.85);\"><\/a><\/div><div style=\"height:69px;width:100px;position:absolute;margin-top:-19px;overflow:hidden;\" class=\"thumbnail-subtext-frame\"><div class=\"wppa-thumb-text\">Foto antiga del llibre: Cat\u00e0leg de targetes postals de Barcelona. D\u2019Ernesto Boix Felip. Ajuntament de Barcelona.<\/div><div class=\"wppa-thumb-text\"><\/div><div class=\"wppa-thumb-text\"><\/div><div id=\"wppa-thumb-rat-disp-525\" class=\"wppa-thumb-text\"><\/div><\/div><\/div><div id=\"thumbnail_frame_46b11753eb50ae03_1\" style=\"width: 100px; height: 150px; margin-left: 21px; margin-top: 2px; margin-bottom: 2px;\" class=\"thumbnail-frame thumbnail-frame-1 thumbnail-frame-photo-46b11753eb50ae03\"><div style=\"height:100px;width:100px;overflow:visible;\" class=\"wppa-tn-img-container\"><a style=\"position:static;\" class=\"thumb-img\" id=\"x-526-1\" href=\"https:\/\/fontscollserola.com\/?p=844&lang=es&wppa-slide=1&wppa-occur=1&wppa-album=c56bdb3328cdd9f7&wppa-photo=46b11753eb50ae03\" onclick=\"wppaDoAjaxRender(event,1,'https:\/\/fontscollserola.com\/index.php?rest_route=\/wp-photo-album-plus\/endPoint?action=wppa&wppa-action=render&wppa-size=640&wppa-occur=1&wppa-fromp=844&lang=es&wppa-slide=1&wppa-occur=1&wppa-album=484&wppa-photo=46b11753eb50ae03','https:\/\/fontscollserola.com\/?p=844&lang=es&wppa-slide=1&wppa-occur=1&wppa-album=c56bdb3328cdd9f7&wppa-photo=46b11753eb50ae03'); return false;\"><img decoding=\"async\" id=\"i-46b11753eb50ae03-1\" title=\"Imatge del dia de la celebraci\u00f3 de la font recuperada. 24 de mar\u00e7 de 2009.\" style=\"border-width:0px;width:100px;height:75px;margin-top: 13px;margin-bottom:13px;opacity:0.85;cursor:pointer\" src=\"https:\/\/fontscollserola.com\/wp-content\/uploads\/wppa\/thumbs\/526.jpg?ver=91\" alt=\"Imatge del dia de la celebraci\u00f3 de la font recuperada. 24 de mar\u00e7 de 2009.\" onmouseover=\"jQuery(this).fadeTo(400, 1.0);if (wppaPopUp) wppaPopUp( 1, this, &#039;46b11753eb50ae03&#039;, &#039;Imatge del dia de la celebraci\u00f3 de la font recuperada. 24 de mar\u00e7 de 2009.&#039;, &#039;&#039;, &#039;&#039;, &#039;&#039;, &#039;&#039;, &#039;150&#039;, &#039;113&#039; ); \" onmouseout=\"jQuery(this).fadeTo(400, 0.85);\"><\/a><\/div><div style=\"height:63px;width:100px;position:absolute;margin-top:-13px;overflow:hidden;\" class=\"thumbnail-subtext-frame\"><div class=\"wppa-thumb-text\">Imatge del dia de la celebraci\u00f3 de la font recuperada. 24 de mar\u00e7 de 2009.<\/div><div class=\"wppa-thumb-text\"><\/div><div class=\"wppa-thumb-text\"><\/div><div id=\"wppa-thumb-rat-disp-526\" class=\"wppa-thumb-text\"><\/div><\/div><\/div><div class=\"wppa-clear\"><\/div><\/div><div style=\"clear:both;\"><\/div><div id=\"wppa-container-1-end\"><\/div><\/div><\/div>\n<!-- End [wppa type=\"content\" album=\"484\"] \/index.php?rest_route=%2Fwp%2Fv2%2Fposts%2F844 oc 1 35 queries in 41.5 ms. at 2:54 pm. Max mem: 83.00 Mb. --><\/p>\n","protected":false},"excerpt":{"rendered":"<p>Descripci\u00f3: Construcci\u00f3 austera de totxo arrebossat amb la inscripci\u00f3 de la font i la data en que va ser reformada, el 1925. Durant el 2008 ha estat recuperada tota l&#8217;\u00e0rea de la font i presenta un aspecte molt acollidor. A la terrassa superior hi ha el pou, amb la seva maquin\u00e0ria, i a una terrassa [&hellip;]<\/p>\n","protected":false},"author":3,"featured_media":0,"comment_status":"closed","ping_status":"open","sticky":false,"template":"","format":"standard","meta":{"footnotes":""},"categories":[3,14],"tags":[],"class_list":["post-844","post","type-post","status-publish","format-standard","hentry","category-b","category-14"],"_links":{"self":[{"href":"https:\/\/fontscollserola.com\/index.php?rest_route=\/wp\/v2\/posts\/844","targetHints":{"allow":["GET"]}}],"collection":[{"href":"https:\/\/fontscollserola.com\/index.php?rest_route=\/wp\/v2\/posts"}],"about":[{"href":"https:\/\/fontscollserola.com\/index.php?rest_route=\/wp\/v2\/types\/post"}],"author":[{"embeddable":true,"href":"https:\/\/fontscollserola.com\/index.php?rest_route=\/wp\/v2\/users\/3"}],"replies":[{"embeddable":true,"href":"https:\/\/fontscollserola.com\/index.php?rest_route=%2Fwp%2Fv2%2Fcomments&post=844"}],"version-history":[{"count":4,"href":"https:\/\/fontscollserola.com\/index.php?rest_route=\/wp\/v2\/posts\/844\/revisions"}],"predecessor-version":[{"id":9321,"href":"https:\/\/fontscollserola.com\/index.php?rest_route=\/wp\/v2\/posts\/844\/revisions\/9321"}],"wp:attachment":[{"href":"https:\/\/fontscollserola.com\/index.php?rest_route=%2Fwp%2Fv2%2Fmedia&parent=844"}],"wp:term":[{"taxonomy":"category","embeddable":true,"href":"https:\/\/fontscollserola.com\/index.php?rest_route=%2Fwp%2Fv2%2Fcategories&post=844"},{"taxonomy":"post_tag","embeddable":true,"href":"https:\/\/fontscollserola.com\/index.php?rest_route=%2Fwp%2Fv2%2Ftags&post=844"}],"curies":[{"name":"wp","href":"https:\/\/api.w.org\/{rel}","templated":true}]}}