{"id":846,"date":"2013-08-24T21:14:32","date_gmt":"2013-08-24T19:14:32","guid":{"rendered":"http:\/\/fontscollserola.com\/?p=846"},"modified":"2024-01-25T11:59:06","modified_gmt":"2024-01-25T10:59:06","slug":"f160-font-canyelles","status":"publish","type":"post","link":"https:\/\/fontscollserola.com\/?p=846","title":{"rendered":"F160-Font Nova de Canyelles"},"content":{"rendered":"<p>Descripci\u00f3:<\/p>\n<p>Construcci\u00f3 molt original, de grans dimensions i en un entorn molt cuidat.<\/p>\n<p>El terra \u00e9s de rajola vermella de la mida gran. El frontal s\u2019endinsa al marge formant una gran cova pintada de color rosat. A un costat hi ha un banc de fusta i a l\u2019altre un d\u2019obra folrat de peces de mosaic. A l\u2019entrada hi ha un gran para-sol cobert de vegetaci\u00f3.<\/p>\n<p>El tub \u00e9s molt llarg, t\u00e9 la secci\u00f3 triangular i \u00e9s de zenc; mana un rajol\u00ed a una bassa molt ampla, revestida de mosaic blanc.<\/p>\n<p>Est\u00e0 situada tocant a la carretera Alta de les Roquetes.<\/p>\n<p>Coordenades: <a href=\"https:\/\/www.google.com\/maps\/place\/41%C2%B026'58.5%22N+2%C2%B010'05.9%22E\/@41.4495799,2.168307,17z\/data=!3m1!4b1!4m5!3m4!1s0x0:0x0!8m2!3d41.4495799!4d2.168307\">41.4495799\u00baN 2.1683070\u00baE<\/a><\/p>\n<p>10.06.2007. Es nota que hi ha uns ve\u00efns que cuiden l&#8217;entorn perqu\u00e8 sembla que la font que estigui al mig d\u2019un jard\u00ed.<\/p>\n<p>Durant el mes de gener de 2020 s\u2019hi van fer obres de reparaci\u00f3.<\/p>\n<p>El dia 4 de juny de 2022, la nostra Associaci\u00f3 Fes Fonts Fent Fonting, va condicionar l\u2019entrada de la mina. <a href=\"https:\/\/activitats4f.blogspot.com\/2022\/06\/condicionament-de-la-font-nova-de.html\">Llegiu m\u00e9s.<\/a><\/p>\n<p>Recorregut a les excursions de grup: E08<\/p>\n<p>Recorregut a l\u2019excursi\u00f3 de recerca: R20<\/p>\n<p>A la revista Guiaparcollserola de mes de setembre de 2010 es diu:<\/p>\n<p>La font fou arreglada el 1992 i \u00e9s punt d\u2019encontre de la gent que habita als barris propers. Precisament aquests ve\u00efns de la zona, principalment gent gran, s\u00f3n els art\u00edfexs que els entorns de la font ofereixin un bon estat, ja que en tenen cura per tal que es mantingui neta. A m\u00e9s han habilitat un cobert amb vegetaci\u00f3, el qual permet que l\u2019espai de la font guardi molt bon aspecte. Si ens hi acostem una bona tarda, segur que els trobem reunits i prenent-ne aigua.<\/p>\n \n<!-- Start container 1 --><div id=\"wppa-modal-container-1\" class=\"wppa-modal-container\" style=\"position:relative;z-index:100000;\" data-wppa=\"yes\" ontouchmove=\"event.stopPropagation();\"><\/div><div id=\"wppa-container-wrapper-1\" class=\"alignnone wppa-container-wrapper \" style=\"width:100%;clear:both;padding:0;position:relative;\"><div id=\"wppa-container-1\" style=\"width:100%;\" class=\"wppa-container wppa-container-1 wppa-rev-9112006 wppa-prevrev-9111001 wppa-theme-9.1.12.006 wppa-api-9.1.12.006\"><svg id=\"wppa-ajax-spin-1\" class=\"wppa-ajax-spin uil-default\" width=\"120px\" height=\"120px\" viewBox=\"0 0 100 100\" preserveAspectRatio=\"xMidYMid\" stroke=\"\" style=\"width:120px; height:120px; position:fixed; top:50%; margin-top:-60px; left:50%; margin-left:-60px; opacity:1; display:none; fill:#666666; background-color:#dddddd; border-radius:12px;\"><rect x=\"0\" y=\"0\" width=\"100\" height=\"100\" fill=\"none\" class=\"bk\"><\/rect><rect class=\"wppa-ajaxspin\" x=\"47\" y=\"40\" width=\"6\" height=\"20\" rx=\"3\" ry=\"3\" transform=\"rotate(0 50 50) translate(0 -32)\"><animate attributeName=\"opacity\" from=\"1\" to=\"0\" dur=\"1.5s\" begin=\"0s\" repeatCount=\"indefinite\" ><\/rect><rect class=\"wppa-ajaxspin\" x=\"47\" y=\"40\" width=\"6\" height=\"20\" rx=\"3\" ry=\"3\" transform=\"rotate(22.5 50 50) translate(0 -32)\"><animate attributeName=\"opacity\" from=\"1\" to=\"0\" dur=\"1.5s\" begin=\"0.09375s\" repeatCount=\"indefinite\" ><\/rect><rect class=\"wppa-ajaxspin\" x=\"47\" y=\"40\" width=\"6\" height=\"20\" rx=\"3\" ry=\"3\" transform=\"rotate(45 50 50) translate(0 -32)\"><animate attributeName=\"opacity\" from=\"1\" to=\"0\" dur=\"1.5s\" begin=\"0.1875s\" repeatCount=\"indefinite\" ><\/rect><rect class=\"wppa-ajaxspin\" x=\"47\" y=\"40\" width=\"6\" height=\"20\" rx=\"3\" ry=\"3\" transform=\"rotate(67.5 50 50) translate(0 -32)\"><animate attributeName=\"opacity\" from=\"1\" to=\"0\" dur=\"1.5s\" begin=\"0.28125s\" repeatCount=\"indefinite\" ><\/rect><rect class=\"wppa-ajaxspin\" x=\"47\" y=\"40\" width=\"6\" height=\"20\" rx=\"3\" ry=\"3\" transform=\"rotate(90 50 50) translate(0 -32)\"><animate attributeName=\"opacity\" from=\"1\" to=\"0\" dur=\"1.5s\" begin=\"0.375s\" repeatCount=\"indefinite\" ><\/rect><rect class=\"wppa-ajaxspin\" x=\"47\" y=\"40\" width=\"6\" height=\"20\" rx=\"3\" ry=\"3\" transform=\"rotate(112.5 50 50) translate(0 -32)\"><animate attributeName=\"opacity\" from=\"1\" to=\"0\" dur=\"1.5s\" begin=\"0.46875s\" repeatCount=\"indefinite\" ><\/rect><rect class=\"wppa-ajaxspin\" x=\"47\" y=\"40\" width=\"6\" height=\"20\" rx=\"3\" ry=\"3\" transform=\"rotate(135 50 50) translate(0 -32)\"><animate attributeName=\"opacity\" from=\"1\" to=\"0\" dur=\"1.5s\" begin=\"0.5625s\" repeatCount=\"indefinite\" ><\/rect><rect class=\"wppa-ajaxspin\" x=\"47\" y=\"40\" width=\"6\" height=\"20\" rx=\"3\" ry=\"3\" transform=\"rotate(157.5 50 50) translate(0 -32)\"><animate attributeName=\"opacity\" from=\"1\" to=\"0\" dur=\"1.5s\" begin=\"0.65625s\" repeatCount=\"indefinite\" ><\/rect><rect class=\"wppa-ajaxspin\" x=\"47\" y=\"40\" width=\"6\" height=\"20\" rx=\"3\" ry=\"3\" transform=\"rotate(180 50 50) translate(0 -32)\"><animate attributeName=\"opacity\" from=\"1\" to=\"0\" dur=\"1.5s\" begin=\"0.75s\" repeatCount=\"indefinite\" ><\/rect><rect class=\"wppa-ajaxspin\" x=\"47\" y=\"40\" width=\"6\" height=\"20\" rx=\"3\" ry=\"3\" transform=\"rotate(202.5 50 50) translate(0 -32)\"><animate attributeName=\"opacity\" from=\"1\" to=\"0\" dur=\"1.5s\" begin=\"0.84375s\" repeatCount=\"indefinite\" ><\/rect><rect class=\"wppa-ajaxspin\" x=\"47\" y=\"40\" width=\"6\" height=\"20\" rx=\"3\" ry=\"3\" transform=\"rotate(225 50 50) translate(0 -32)\"><animate attributeName=\"opacity\" from=\"1\" to=\"0\" dur=\"1.5s\" begin=\"0.9375s\" repeatCount=\"indefinite\" ><\/rect><rect class=\"wppa-ajaxspin\" x=\"47\" y=\"40\" width=\"6\" height=\"20\" rx=\"3\" ry=\"3\" transform=\"rotate(247.5 50 50) translate(0 -32)\"><animate attributeName=\"opacity\" from=\"1\" to=\"0\" dur=\"1.5s\" begin=\"1.03125s\" repeatCount=\"indefinite\" ><\/rect><rect class=\"wppa-ajaxspin\" x=\"47\" y=\"40\" width=\"6\" height=\"20\" rx=\"3\" ry=\"3\" transform=\"rotate(270 50 50) translate(0 -32)\"><animate attributeName=\"opacity\" from=\"1\" to=\"0\" dur=\"1.5s\" begin=\"1.125s\" repeatCount=\"indefinite\" ><\/rect><rect class=\"wppa-ajaxspin\" x=\"47\" y=\"40\" width=\"6\" height=\"20\" rx=\"3\" ry=\"3\" transform=\"rotate(292.5 50 50) translate(0 -32)\"><animate attributeName=\"opacity\" from=\"1\" to=\"0\" dur=\"1.5s\" begin=\"1.21875s\" repeatCount=\"indefinite\" ><\/rect><rect class=\"wppa-ajaxspin\" x=\"47\" y=\"40\" width=\"6\" height=\"20\" rx=\"3\" ry=\"3\" transform=\"rotate(315 50 50) translate(0 -32)\"><animate attributeName=\"opacity\" from=\"1\" to=\"0\" dur=\"1.5s\" begin=\"1.3125s\" repeatCount=\"indefinite\" ><\/rect><rect class=\"wppa-ajaxspin\" x=\"47\" y=\"40\" width=\"6\" height=\"20\" rx=\"3\" ry=\"3\" transform=\"rotate(337.5 50 50) translate(0 -32)\"><animate attributeName=\"opacity\" from=\"1\" to=\"0\" dur=\"1.5s\" begin=\"1.40625s\" repeatCount=\"indefinite\" ><\/rect><\/svg><input type=\"hidden\" id=\"wppa-nonce-0-1\" name=\"wppa-nonce\" value=\"1220cdb584\" ><div id=\"wppa-bc-1\" class=\"wppa-nav wppa-box wppa-nav-text wppa-bc\" ><a href=\"https:\/\/fontscollserola.com#wppa-container-1\" class=\"wppa-nav-text b1\" style=\"cursor:pointer\" title=\"Fonts de Collserola\">Home<\/a><span class=\"wppa-nav-text b1\"> &raquo; <\/span><a href=\"https:\/\/fontscollserola.com\/?p=846#wppa-container-1\" class=\"wppa-nav-text b3\" style=\"cursor:pointer\" title=\"Post: F160-Font Nova de Canyelles\">F160-Font Nova de Canyelles<\/a><span class=\"wppa-nav-text b3\"> &raquo; <\/span><span id=\"bc-pname-1\" class=\"wppa-nav-text b10\"  title=\"\">160-Font Canyelles<\/span><div style=\"clear:both\"><\/div><\/div><div id=\"wppa-thumb-area-1\" class=\"wppa-box wppa-thumb-area wppa-thumb-area-1\" style=\"overflow:auto;\"><div id=\"wppa-popup-1\" class=\"wppa-popup-frame wppa-thumb-text\" style=\"max-width:2048px;\"><\/div><div style=\"clear:both\"><\/div><div id=\"thumbnail_frame_68ebb7479687ec37_1\" style=\"width: 100px; height: 150px; margin-left: 21px; margin-top: 2px; margin-bottom: 2px;\" class=\"thumbnail-frame thumbnail-frame-1 thumbnail-frame-photo-68ebb7479687ec37\"><div style=\"height:100px;width:100px;overflow:visible;\" class=\"wppa-tn-img-container\"><a style=\"position:static;\" class=\"thumb-img\" id=\"x-528-1\" href=\"https:\/\/fontscollserola.com\/?p=846&lang=es&wppa-slide=1&wppa-occur=1&wppa-album=aa26e0659b298ddf&wppa-photo=68ebb7479687ec37\" onclick=\"wppaDoAjaxRender(event,1,'https:\/\/fontscollserola.com\/index.php?rest_route=\/wp-photo-album-plus\/endPoint?action=wppa&wppa-action=render&wppa-size=640&wppa-occur=1&wppa-fromp=846&lang=es&wppa-slide=1&wppa-occur=1&wppa-album=555&wppa-photo=68ebb7479687ec37','https:\/\/fontscollserola.com\/?p=846&lang=es&wppa-slide=1&wppa-occur=1&wppa-album=aa26e0659b298ddf&wppa-photo=68ebb7479687ec37'); return false;\"><img loading=\"lazy\" decoding=\"async\" id=\"i-68ebb7479687ec37-1\" title=\"10.06.2007. Imatge del tub.\" style=\"border-width:0px;width:100px;height:75px;margin-top: 13px;margin-bottom:13px;opacity:0.85;cursor:pointer\" width=\"200\" height=\"150\" src=\"https:\/\/fontscollserola.com\/wp-content\/uploads\/wppa\/thumbs\/528.jpg?ver=91\" alt=\"10.06.2007. Imatge del tub.\" onmouseover=\"jQuery(this).fadeTo(400, 1.0);if (wppaPopUp) wppaPopUp( 1, this, &#039;68ebb7479687ec37&#039;, &#039;10.06.2007. Imatge del tub.&#039;, &#039;&#039;, &#039;&#039;, &#039;&#039;, &#039;&#039;, &#039;150&#039;, &#039;113&#039; ); \" onmouseout=\"jQuery(this).fadeTo(400, 0.85);\"><\/a><\/div><div style=\"height:63px;width:100px;position:absolute;margin-top:-13px;overflow:hidden;\" class=\"thumbnail-subtext-frame\"><div class=\"wppa-thumb-text\">10.06.2007. Imatge del tub.<\/div><div class=\"wppa-thumb-text\"><\/div><div class=\"wppa-thumb-text\"><\/div><div id=\"wppa-thumb-rat-disp-528\" class=\"wppa-thumb-text\"><\/div><\/div><\/div><div id=\"thumbnail_frame_c525bab8ae535e2e_1\" style=\"width: 100px; height: 150px; margin-left: 21px; margin-top: 2px; margin-bottom: 2px;\" class=\"thumbnail-frame thumbnail-frame-1 thumbnail-frame-photo-c525bab8ae535e2e\"><div style=\"height:100px;width:100px;overflow:visible;\" class=\"wppa-tn-img-container\"><a style=\"position:static;\" class=\"thumb-img\" id=\"x-529-1\" href=\"https:\/\/fontscollserola.com\/?p=846&lang=es&wppa-slide=1&wppa-occur=1&wppa-album=aa26e0659b298ddf&wppa-photo=c525bab8ae535e2e\" onclick=\"wppaDoAjaxRender(event,1,'https:\/\/fontscollserola.com\/index.php?rest_route=\/wp-photo-album-plus\/endPoint?action=wppa&wppa-action=render&wppa-size=640&wppa-occur=1&wppa-fromp=846&lang=es&wppa-slide=1&wppa-occur=1&wppa-album=555&wppa-photo=c525bab8ae535e2e','https:\/\/fontscollserola.com\/?p=846&lang=es&wppa-slide=1&wppa-occur=1&wppa-album=aa26e0659b298ddf&wppa-photo=c525bab8ae535e2e'); return false;\"><img loading=\"lazy\" decoding=\"async\" id=\"i-c525bab8ae535e2e-1\" title=\"10.06.2007. Imatge de la bassa i el tub.\" style=\"border-width:0px;width:100px;height:75px;margin-top: 13px;margin-bottom:13px;opacity:0.85;cursor:pointer\" width=\"200\" height=\"150\" src=\"https:\/\/fontscollserola.com\/wp-content\/uploads\/wppa\/thumbs\/529.jpg?ver=91\" alt=\"10.06.2007. Imatge de la bassa i el tub.\" onmouseover=\"jQuery(this).fadeTo(400, 1.0);if (wppaPopUp) wppaPopUp( 1, this, &#039;c525bab8ae535e2e&#039;, &#039;10.06.2007. Imatge de la bassa i el tub.&#039;, &#039;&#039;, &#039;&#039;, &#039;&#039;, &#039;&#039;, &#039;150&#039;, &#039;113&#039; ); \" onmouseout=\"jQuery(this).fadeTo(400, 0.85);\"><\/a><\/div><div style=\"height:63px;width:100px;position:absolute;margin-top:-13px;overflow:hidden;\" class=\"thumbnail-subtext-frame\"><div class=\"wppa-thumb-text\">10.06.2007. Imatge de la bassa i el tub.<\/div><div class=\"wppa-thumb-text\"><\/div><div class=\"wppa-thumb-text\"><\/div><div id=\"wppa-thumb-rat-disp-529\" class=\"wppa-thumb-text\"><\/div><\/div><\/div><div id=\"thumbnail_frame_21f14ce26d222233_1\" style=\"width: 100px; height: 150px; margin-left: 21px; margin-top: 2px; margin-bottom: 2px;\" class=\"thumbnail-frame thumbnail-frame-1 thumbnail-frame-photo-21f14ce26d222233\"><div style=\"height:100px;width:100px;overflow:visible;\" class=\"wppa-tn-img-container\"><a style=\"position:static;\" class=\"thumb-img\" id=\"x-530-1\" href=\"https:\/\/fontscollserola.com\/?p=846&lang=es&wppa-slide=1&wppa-occur=1&wppa-album=aa26e0659b298ddf&wppa-photo=21f14ce26d222233\" onclick=\"wppaDoAjaxRender(event,1,'https:\/\/fontscollserola.com\/index.php?rest_route=\/wp-photo-album-plus\/endPoint?action=wppa&wppa-action=render&wppa-size=640&wppa-occur=1&wppa-fromp=846&lang=es&wppa-slide=1&wppa-occur=1&wppa-album=555&wppa-photo=21f14ce26d222233','https:\/\/fontscollserola.com\/?p=846&lang=es&wppa-slide=1&wppa-occur=1&wppa-album=aa26e0659b298ddf&wppa-photo=21f14ce26d222233'); return false;\"><img loading=\"lazy\" decoding=\"async\" id=\"i-21f14ce26d222233-1\" title=\"10.06.2007. Vista general de la font.\" style=\"border-width:0px;width:100px;height:75px;margin-top: 13px;margin-bottom:13px;opacity:0.85;cursor:pointer\" width=\"200\" height=\"150\" src=\"https:\/\/fontscollserola.com\/wp-content\/uploads\/wppa\/thumbs\/530.jpg?ver=91\" alt=\"10.06.2007. Vista general de la font.\" onmouseover=\"jQuery(this).fadeTo(400, 1.0);if (wppaPopUp) wppaPopUp( 1, this, &#039;21f14ce26d222233&#039;, &#039;10.06.2007. Vista general de la font.&#039;, &#039;&#039;, &#039;&#039;, &#039;&#039;, &#039;&#039;, &#039;150&#039;, &#039;113&#039; ); \" onmouseout=\"jQuery(this).fadeTo(400, 0.85);\"><\/a><\/div><div style=\"height:63px;width:100px;position:absolute;margin-top:-13px;overflow:hidden;\" class=\"thumbnail-subtext-frame\"><div class=\"wppa-thumb-text\">10.06.2007. Vista general de la font.<\/div><div class=\"wppa-thumb-text\"><\/div><div class=\"wppa-thumb-text\"><\/div><div id=\"wppa-thumb-rat-disp-530\" class=\"wppa-thumb-text\"><\/div><\/div><\/div><div id=\"thumbnail_frame_acfabbcbb46f3fef_1\" style=\"width: 100px; height: 150px; margin-left: 21px; margin-top: 2px; margin-bottom: 2px;\" class=\"thumbnail-frame thumbnail-frame-1 thumbnail-frame-photo-acfabbcbb46f3fef\"><div style=\"height:100px;width:100px;overflow:visible;\" class=\"wppa-tn-img-container\"><a style=\"position:static;\" class=\"thumb-img\" id=\"x-1880-1\" href=\"https:\/\/fontscollserola.com\/?p=846&lang=es&wppa-slide=1&wppa-occur=1&wppa-album=aa26e0659b298ddf&wppa-photo=acfabbcbb46f3fef\" onclick=\"wppaDoAjaxRender(event,1,'https:\/\/fontscollserola.com\/index.php?rest_route=\/wp-photo-album-plus\/endPoint?action=wppa&wppa-action=render&wppa-size=640&wppa-occur=1&wppa-fromp=846&lang=es&wppa-slide=1&wppa-occur=1&wppa-album=555&wppa-photo=acfabbcbb46f3fef','https:\/\/fontscollserola.com\/?p=846&lang=es&wppa-slide=1&wppa-occur=1&wppa-album=aa26e0659b298ddf&wppa-photo=acfabbcbb46f3fef'); return false;\"><img loading=\"lazy\" decoding=\"async\" id=\"i-acfabbcbb46f3fef-1\" title=\"20.04.2018. Vista general de la font.\" style=\"border-width:0px;width:75px;height:100px;margin-left:12px;margin-right:12px;margin-top: 0px;margin-bottom:0px;opacity:0.85;cursor:pointer\" width=\"113\" height=\"150\" src=\"https:\/\/fontscollserola.com\/wp-content\/uploads\/wppa\/thumbs\/1880.jpg?ver=91\" alt=\"20.04.2018. Vista general de la font.\" onmouseover=\"jQuery(this).fadeTo(400, 1.0);if (wppaPopUp) wppaPopUp( 1, this, &#039;acfabbcbb46f3fef&#039;, &#039;20.04.2018. Vista general de la font.&#039;, &#039;&#039;, &#039;&#039;, &#039;&#039;, &#039;&#039;, &#039;113&#039;, &#039;150&#039; ); \" onmouseout=\"jQuery(this).fadeTo(400, 0.85);\"><\/a><\/div><div style=\"height:50px;width:100px;position:absolute;margin-top:0px;overflow:hidden;\" class=\"thumbnail-subtext-frame\"><div class=\"wppa-thumb-text\">20.04.2018. Vista general de la font.<\/div><div class=\"wppa-thumb-text\"><\/div><div class=\"wppa-thumb-text\"><\/div><div id=\"wppa-thumb-rat-disp-1880\" class=\"wppa-thumb-text\"><\/div><\/div><\/div><div id=\"thumbnail_frame_f889c3a31f839969_1\" style=\"width: 100px; height: 150px; margin-left: 21px; margin-top: 2px; margin-bottom: 2px;\" class=\"thumbnail-frame thumbnail-frame-1 thumbnail-frame-photo-f889c3a31f839969\"><div style=\"height:100px;width:100px;overflow:visible;\" class=\"wppa-tn-img-container\"><a style=\"position:static;\" class=\"thumb-img\" id=\"x-2131-1\" href=\"https:\/\/fontscollserola.com\/?p=846&lang=es&wppa-slide=1&wppa-occur=1&wppa-album=aa26e0659b298ddf&wppa-photo=f889c3a31f839969\" onclick=\"wppaDoAjaxRender(event,1,'https:\/\/fontscollserola.com\/index.php?rest_route=\/wp-photo-album-plus\/endPoint?action=wppa&wppa-action=render&wppa-size=640&wppa-occur=1&wppa-fromp=846&lang=es&wppa-slide=1&wppa-occur=1&wppa-album=555&wppa-photo=f889c3a31f839969','https:\/\/fontscollserola.com\/?p=846&lang=es&wppa-slide=1&wppa-occur=1&wppa-album=aa26e0659b298ddf&wppa-photo=f889c3a31f839969'); return false;\"><img loading=\"lazy\" decoding=\"async\" id=\"i-f889c3a31f839969-1\" title=\"11.05.2020. Vista de la font reparada. Imatge cedida per Mayte M.\" style=\"border-width:0px;width:100px;height:75px;margin-top: 13px;margin-bottom:13px;opacity:0.85;cursor:pointer\" width=\"150\" height=\"113\" src=\"https:\/\/fontscollserola.com\/wp-content\/uploads\/wppa\/thumbs\/2131.jpg?ver=91\" alt=\"11.05.2020. Vista de la font reparada. Imatge cedida per Mayte M.\" onmouseover=\"jQuery(this).fadeTo(400, 1.0);if (wppaPopUp) wppaPopUp( 1, this, &#039;f889c3a31f839969&#039;, &#039;11.05.2020. Vista de la font reparada. Imatge cedida per Mayte M.&#039;, &#039;&#039;, &#039;&#039;, &#039;&#039;, &#039;&#039;, &#039;150&#039;, &#039;113&#039; ); \" onmouseout=\"jQuery(this).fadeTo(400, 0.85);\"><\/a><\/div><div style=\"height:63px;width:100px;position:absolute;margin-top:-13px;overflow:hidden;\" class=\"thumbnail-subtext-frame\"><div class=\"wppa-thumb-text\">11.05.2020. Vista de la font reparada. Imatge cedida per Mayte M.<\/div><div class=\"wppa-thumb-text\"><\/div><div class=\"wppa-thumb-text\"><\/div><div id=\"wppa-thumb-rat-disp-2131\" class=\"wppa-thumb-text\"><\/div><\/div><\/div><div id=\"thumbnail_frame_e403a71fc09aa95d_1\" style=\"width: 100px; height: 150px; margin-left: 21px; margin-top: 2px; margin-bottom: 2px;\" class=\"thumbnail-frame thumbnail-frame-1 thumbnail-frame-photo-e403a71fc09aa95d\"><div style=\"height:100px;width:100px;overflow:visible;\" class=\"wppa-tn-img-container\"><a style=\"position:static;\" class=\"thumb-img\" id=\"x-2541-1\" href=\"https:\/\/fontscollserola.com\/?p=846&lang=es&wppa-slide=1&wppa-occur=1&wppa-album=aa26e0659b298ddf&wppa-photo=e403a71fc09aa95d\" onclick=\"wppaDoAjaxRender(event,1,'https:\/\/fontscollserola.com\/index.php?rest_route=\/wp-photo-album-plus\/endPoint?action=wppa&wppa-action=render&wppa-size=640&wppa-occur=1&wppa-fromp=846&lang=es&wppa-slide=1&wppa-occur=1&wppa-album=555&wppa-photo=e403a71fc09aa95d','https:\/\/fontscollserola.com\/?p=846&lang=es&wppa-slide=1&wppa-occur=1&wppa-album=aa26e0659b298ddf&wppa-photo=e403a71fc09aa95d'); return false;\"><img loading=\"lazy\" decoding=\"async\" id=\"i-e403a71fc09aa95d-1\" title=\"Cartell de l\u2019exposici\u00f3 de les fonts d\u2019Horta i El Guinard\u00f3 de 2024.\" style=\"border-width:0px;width:56px;height:100px;margin-left:22px;margin-right:22px;margin-top: 0px;margin-bottom:0px;opacity:0.85;cursor:pointer\" width=\"84\" height=\"150\" src=\"https:\/\/fontscollserola.com\/wp-content\/uploads\/wppa\/thumbs\/2541.jpg?ver=91\" alt=\"Cartell de l\u2019exposici\u00f3 de les fonts d\u2019Horta i El Guinard\u00f3 de 2024.\" onmouseover=\"jQuery(this).fadeTo(400, 1.0);if (wppaPopUp) wppaPopUp( 1, this, &#039;e403a71fc09aa95d&#039;, &#039;Cartell de l\u2019exposici\u00f3 de les fonts d\u2019Horta i El Guinard\u00f3 de 2024.&#039;, &#039;&#039;, &#039;&#039;, &#039;&#039;, &#039;&#039;, &#039;84&#039;, &#039;150&#039; ); \" onmouseout=\"jQuery(this).fadeTo(400, 0.85);\"><\/a><\/div><div style=\"height:50px;width:100px;position:absolute;margin-top:0px;overflow:hidden;\" class=\"thumbnail-subtext-frame\"><div class=\"wppa-thumb-text\">Cartell de l\u2019exposici\u00f3 de les fonts d\u2019Horta i El Guinard\u00f3 de 2024.<\/div><div class=\"wppa-thumb-text\"><\/div><div class=\"wppa-thumb-text\"><\/div><div id=\"wppa-thumb-rat-disp-2541\" class=\"wppa-thumb-text\"><\/div><\/div><\/div><div id=\"thumbnail_frame_5fb35dfdf8785d00_1\" style=\"width: 100px; height: 150px; margin-left: 21px; margin-top: 2px; margin-bottom: 2px;\" class=\"thumbnail-frame thumbnail-frame-1 thumbnail-frame-photo-5fb35dfdf8785d00\"><div style=\"height:100px;width:100px;overflow:visible;\" class=\"wppa-tn-img-container\"><a style=\"position:static;\" class=\"thumb-img\" id=\"x-2602-1\" href=\"https:\/\/fontscollserola.com\/?p=846&lang=es&wppa-slide=1&wppa-occur=1&wppa-album=aa26e0659b298ddf&wppa-photo=5fb35dfdf8785d00\" onclick=\"wppaDoAjaxRender(event,1,'https:\/\/fontscollserola.com\/index.php?rest_route=\/wp-photo-album-plus\/endPoint?action=wppa&wppa-action=render&wppa-size=640&wppa-occur=1&wppa-fromp=846&lang=es&wppa-slide=1&wppa-occur=1&wppa-album=555&wppa-photo=5fb35dfdf8785d00','https:\/\/fontscollserola.com\/?p=846&lang=es&wppa-slide=1&wppa-occur=1&wppa-album=aa26e0659b298ddf&wppa-photo=5fb35dfdf8785d00'); return false;\"><img loading=\"lazy\" decoding=\"async\" id=\"i-5fb35dfdf8785d00-1\" title=\"08.02.2026. No surt aigua perqu\u00e8 hi ha una esllavissada a la mina.\" style=\"border-width:0px;width:75px;height:100px;margin-left:12px;margin-right:12px;margin-top: 0px;margin-bottom:0px;opacity:0.85;cursor:pointer\" width=\"113\" height=\"150\" src=\"https:\/\/fontscollserola.com\/wp-content\/uploads\/wppa\/thumbs\/2602.jpg?ver=91\" alt=\"08.02.2026. No surt aigua perqu\u00e8 hi ha una esllavissada a la mina.\" onmouseover=\"jQuery(this).fadeTo(400, 1.0);if (wppaPopUp) wppaPopUp( 1, this, &#039;5fb35dfdf8785d00&#039;, &#039;08.02.2026. No surt aigua perqu\u00e8 hi ha una esllavissada a la mina.&#039;, &#039;&#039;, &#039;&#039;, &#039;&#039;, &#039;&#039;, &#039;113&#039;, &#039;150&#039; ); \" onmouseout=\"jQuery(this).fadeTo(400, 0.85);\"><\/a><\/div><div style=\"height:50px;width:100px;position:absolute;margin-top:0px;overflow:hidden;\" class=\"thumbnail-subtext-frame\"><div class=\"wppa-thumb-text\">08.02.2026. No surt aigua perqu\u00e8 hi ha una esllavissada a la mina.<\/div><div class=\"wppa-thumb-text\"><\/div><div class=\"wppa-thumb-text\"><\/div><div id=\"wppa-thumb-rat-disp-2602\" class=\"wppa-thumb-text\"><\/div><\/div><\/div><div class=\"wppa-clear\"><\/div><\/div><div style=\"clear:both;\"><\/div><div id=\"wppa-container-1-end\"><\/div><\/div><\/div>\n<!-- End [wppa type=\"content\" album=\"555\"] \/index.php?rest_route=%2Fwp%2Fv2%2Fposts%2F846 oc 1 33 queries in 41.3 ms. at 4:16 pm. Max mem: 83.00 Mb. -->\n<p><iframe loading=\"lazy\" title=\"160.- Font de Canyelles. Font de Collserola.\" width=\"625\" height=\"352\" src=\"https:\/\/www.youtube.com\/embed\/0wSMpQJ-3fs?feature=oembed\" frameborder=\"0\" allow=\"accelerometer; autoplay; clipboard-write; encrypted-media; gyroscope; picture-in-picture; web-share\" referrerpolicy=\"strict-origin-when-cross-origin\" allowfullscreen><\/iframe><\/p>\n","protected":false},"excerpt":{"rendered":"<p>Descripci\u00f3: Construcci\u00f3 molt original, de grans dimensions i en un entorn molt cuidat. El terra \u00e9s de rajola vermella de la mida gran. El frontal s\u2019endinsa al marge formant una gran cova pintada de color rosat. A un costat hi ha un banc de fusta i a l\u2019altre un d\u2019obra folrat de peces de mosaic. [&hellip;]<\/p>\n","protected":false},"author":3,"featured_media":0,"comment_status":"closed","ping_status":"open","sticky":false,"template":"","format":"standard","meta":{"footnotes":""},"categories":[3,14],"tags":[],"class_list":["post-846","post","type-post","status-publish","format-standard","hentry","category-b","category-14"],"_links":{"self":[{"href":"https:\/\/fontscollserola.com\/index.php?rest_route=\/wp\/v2\/posts\/846","targetHints":{"allow":["GET"]}}],"collection":[{"href":"https:\/\/fontscollserola.com\/index.php?rest_route=\/wp\/v2\/posts"}],"about":[{"href":"https:\/\/fontscollserola.com\/index.php?rest_route=\/wp\/v2\/types\/post"}],"author":[{"embeddable":true,"href":"https:\/\/fontscollserola.com\/index.php?rest_route=\/wp\/v2\/users\/3"}],"replies":[{"embeddable":true,"href":"https:\/\/fontscollserola.com\/index.php?rest_route=%2Fwp%2Fv2%2Fcomments&post=846"}],"version-history":[{"count":9,"href":"https:\/\/fontscollserola.com\/index.php?rest_route=\/wp\/v2\/posts\/846\/revisions"}],"predecessor-version":[{"id":8908,"href":"https:\/\/fontscollserola.com\/index.php?rest_route=\/wp\/v2\/posts\/846\/revisions\/8908"}],"wp:attachment":[{"href":"https:\/\/fontscollserola.com\/index.php?rest_route=%2Fwp%2Fv2%2Fmedia&parent=846"}],"wp:term":[{"taxonomy":"category","embeddable":true,"href":"https:\/\/fontscollserola.com\/index.php?rest_route=%2Fwp%2Fv2%2Fcategories&post=846"},{"taxonomy":"post_tag","embeddable":true,"href":"https:\/\/fontscollserola.com\/index.php?rest_route=%2Fwp%2Fv2%2Ftags&post=846"}],"curies":[{"name":"wp","href":"https:\/\/api.w.org\/{rel}","templated":true}]}}