{"id":963,"date":"2013-08-25T16:33:12","date_gmt":"2013-08-25T14:33:12","guid":{"rendered":"http:\/\/fontscollserola.com\/?p=963"},"modified":"2024-01-25T20:21:56","modified_gmt":"2024-01-25T19:21:56","slug":"f256-font-de-la-mina-de-la-vall-dhebron","status":"publish","type":"post","link":"https:\/\/fontscollserola.com\/?p=963","title":{"rendered":"F256-Font de La Reina"},"content":{"rendered":"<p>Descripci\u00f3:<\/p>\n<p>Ens trobem dos aforaments, un que ve d\u2019una canonada i l\u2019altre d\u2019una mina.<\/p>\n<p>El de la canonada, emplena una gran bassa i es fa servir per regar l\u2019hort. <a href=\"https:\/\/fontscollserola.com\/?p=5747\">\u00c9s la font 353<\/a><\/p>\n<p>El de la mina est\u00e0 al nivell del terra i t\u00e9 una gran quantitat d\u2019aigua acumulada.<\/p>\n<p>El conjunt est\u00e0 situat a l\u2019interior d\u2019un hort, a prop del km 3 de la carretera de la Rabassada.<\/p>\n<p>Coordenades: <a href=\"https:\/\/www.google.com\/maps\/place\/41%C2%B025'50.6%22N+2%C2%B007'48.5%22E\/@41.430733,2.130133,17z\/data=!3m1!4b1!4m5!3m4!1s0x0:0x0!8m2!3d41.430733!4d2.130133\">41.4307330\u00baN 2.1301330\u00baE<\/a><\/p>\n<p>A la publicaci\u00f3 Altes de l\u2019Aigua d\u2019Horta-Guinard\u00f3, a la p\u00e0gina 51 (1) hi troben quan parla d\u2019aquest aflorament: Les cr\u00f2niques recullen la informaci\u00f3 de segles passats on descriuen: \u201cUn huerto junto al monasterio, de tenida una cuarta de mojada con su alberca grande y otra peque\u00f1a que sirven para depositar las aguas para el riego del mismo&#8230;\/.. de las dos fuentes, la una nombrada de la Reina y la otra que viene con un conducto &#8230;<\/p>\n<p>Tamb\u00e9 hi diu: Per la proximitat d\u2019aquesta deu als horts i als edificis principals del monestir podria ser l\u2019anomenada font de la Riena en agra\u00efment a les que van ser les reines Violant de Bar i Maria de Castella les valedores del monestir a principi del segle XV.<\/p>\n<p>(1). Atles de l\u2019Aigua d\u2019Horta Guinard\u00f3. Editat EL POU. Grup d\u2019Estudis de la Vall d\u2019Horta i la Muntanya Pelada. N\u00famero especial de juny de 2019.<\/p>\n<p>El ve\u00ed que cuida l\u2019hort ens diu que l\u2019aigua que ve pel conducte ve d\u2019un aiguaneix proper.<\/p>\n<p>L\u2019hem trobada gr\u00e0cies a les indicacions de Tens G.<\/p>\n<p>Recorregut a l\u2019excursi\u00f3 de recerca: R19.<\/p>\n \n<!-- Start container 1 --><div id=\"wppa-modal-container-1\" class=\"wppa-modal-container\" style=\"position:relative;z-index:100000;\" data-wppa=\"yes\" ontouchmove=\"event.stopPropagation();\"><\/div><div id=\"wppa-container-wrapper-1\" class=\"alignnone wppa-container-wrapper \" style=\"width:100%;clear:both;padding:0;position:relative;\"><div id=\"wppa-container-1\" style=\"width:100%;\" class=\"wppa-container wppa-container-1 wppa-rev-9111001 wppa-prevrev-9110011 wppa-theme-9.1.11.001 wppa-api-9.1.11.001\"><svg id=\"wppa-ajax-spin-1\" class=\"wppa-ajax-spin uil-default\" width=\"120px\" height=\"120px\" viewBox=\"0 0 100 100\" preserveAspectRatio=\"xMidYMid\" stroke=\"\" style=\"width:120px; height:120px; position:fixed; top:50%; margin-top:-60px; left:50%; margin-left:-60px; opacity:1; display:none; fill:#666666; background-color:#dddddd; border-radius:12px;\"><rect x=\"0\" y=\"0\" width=\"100\" height=\"100\" fill=\"none\" class=\"bk\"><\/rect><rect class=\"wppa-ajaxspin\" x=\"47\" y=\"40\" width=\"6\" height=\"20\" rx=\"3\" ry=\"3\" transform=\"rotate(0 50 50) translate(0 -32)\"><animate attributeName=\"opacity\" from=\"1\" to=\"0\" dur=\"1.5s\" begin=\"0s\" repeatCount=\"indefinite\" ><\/rect><rect class=\"wppa-ajaxspin\" x=\"47\" y=\"40\" width=\"6\" height=\"20\" rx=\"3\" ry=\"3\" transform=\"rotate(22.5 50 50) translate(0 -32)\"><animate attributeName=\"opacity\" from=\"1\" to=\"0\" dur=\"1.5s\" begin=\"0.09375s\" repeatCount=\"indefinite\" ><\/rect><rect class=\"wppa-ajaxspin\" x=\"47\" y=\"40\" width=\"6\" height=\"20\" rx=\"3\" ry=\"3\" transform=\"rotate(45 50 50) translate(0 -32)\"><animate attributeName=\"opacity\" from=\"1\" to=\"0\" dur=\"1.5s\" begin=\"0.1875s\" repeatCount=\"indefinite\" ><\/rect><rect class=\"wppa-ajaxspin\" x=\"47\" y=\"40\" width=\"6\" height=\"20\" rx=\"3\" ry=\"3\" transform=\"rotate(67.5 50 50) translate(0 -32)\"><animate attributeName=\"opacity\" from=\"1\" to=\"0\" dur=\"1.5s\" begin=\"0.28125s\" repeatCount=\"indefinite\" ><\/rect><rect class=\"wppa-ajaxspin\" x=\"47\" y=\"40\" width=\"6\" height=\"20\" rx=\"3\" ry=\"3\" transform=\"rotate(90 50 50) translate(0 -32)\"><animate attributeName=\"opacity\" from=\"1\" to=\"0\" dur=\"1.5s\" begin=\"0.375s\" repeatCount=\"indefinite\" ><\/rect><rect class=\"wppa-ajaxspin\" x=\"47\" y=\"40\" width=\"6\" height=\"20\" rx=\"3\" ry=\"3\" transform=\"rotate(112.5 50 50) translate(0 -32)\"><animate attributeName=\"opacity\" from=\"1\" to=\"0\" dur=\"1.5s\" begin=\"0.46875s\" repeatCount=\"indefinite\" ><\/rect><rect class=\"wppa-ajaxspin\" x=\"47\" y=\"40\" width=\"6\" height=\"20\" rx=\"3\" ry=\"3\" transform=\"rotate(135 50 50) translate(0 -32)\"><animate attributeName=\"opacity\" from=\"1\" to=\"0\" dur=\"1.5s\" begin=\"0.5625s\" repeatCount=\"indefinite\" ><\/rect><rect class=\"wppa-ajaxspin\" x=\"47\" y=\"40\" width=\"6\" height=\"20\" rx=\"3\" ry=\"3\" transform=\"rotate(157.5 50 50) translate(0 -32)\"><animate attributeName=\"opacity\" from=\"1\" to=\"0\" dur=\"1.5s\" begin=\"0.65625s\" repeatCount=\"indefinite\" ><\/rect><rect class=\"wppa-ajaxspin\" x=\"47\" y=\"40\" width=\"6\" height=\"20\" rx=\"3\" ry=\"3\" transform=\"rotate(180 50 50) translate(0 -32)\"><animate attributeName=\"opacity\" from=\"1\" to=\"0\" dur=\"1.5s\" begin=\"0.75s\" repeatCount=\"indefinite\" ><\/rect><rect class=\"wppa-ajaxspin\" x=\"47\" y=\"40\" width=\"6\" height=\"20\" rx=\"3\" ry=\"3\" transform=\"rotate(202.5 50 50) translate(0 -32)\"><animate attributeName=\"opacity\" from=\"1\" to=\"0\" dur=\"1.5s\" begin=\"0.84375s\" repeatCount=\"indefinite\" ><\/rect><rect class=\"wppa-ajaxspin\" x=\"47\" y=\"40\" width=\"6\" height=\"20\" rx=\"3\" ry=\"3\" transform=\"rotate(225 50 50) translate(0 -32)\"><animate attributeName=\"opacity\" from=\"1\" to=\"0\" dur=\"1.5s\" begin=\"0.9375s\" repeatCount=\"indefinite\" ><\/rect><rect class=\"wppa-ajaxspin\" x=\"47\" y=\"40\" width=\"6\" height=\"20\" rx=\"3\" ry=\"3\" transform=\"rotate(247.5 50 50) translate(0 -32)\"><animate attributeName=\"opacity\" from=\"1\" to=\"0\" dur=\"1.5s\" begin=\"1.03125s\" repeatCount=\"indefinite\" ><\/rect><rect class=\"wppa-ajaxspin\" x=\"47\" y=\"40\" width=\"6\" height=\"20\" rx=\"3\" ry=\"3\" transform=\"rotate(270 50 50) translate(0 -32)\"><animate attributeName=\"opacity\" from=\"1\" to=\"0\" dur=\"1.5s\" begin=\"1.125s\" repeatCount=\"indefinite\" ><\/rect><rect class=\"wppa-ajaxspin\" x=\"47\" y=\"40\" width=\"6\" height=\"20\" rx=\"3\" ry=\"3\" transform=\"rotate(292.5 50 50) translate(0 -32)\"><animate attributeName=\"opacity\" from=\"1\" to=\"0\" dur=\"1.5s\" begin=\"1.21875s\" repeatCount=\"indefinite\" ><\/rect><rect class=\"wppa-ajaxspin\" x=\"47\" y=\"40\" width=\"6\" height=\"20\" rx=\"3\" ry=\"3\" transform=\"rotate(315 50 50) translate(0 -32)\"><animate attributeName=\"opacity\" from=\"1\" to=\"0\" dur=\"1.5s\" begin=\"1.3125s\" repeatCount=\"indefinite\" ><\/rect><rect class=\"wppa-ajaxspin\" x=\"47\" y=\"40\" width=\"6\" height=\"20\" rx=\"3\" ry=\"3\" transform=\"rotate(337.5 50 50) translate(0 -32)\"><animate attributeName=\"opacity\" from=\"1\" to=\"0\" dur=\"1.5s\" begin=\"1.40625s\" repeatCount=\"indefinite\" ><\/rect><\/svg><input type=\"hidden\" id=\"wppa-nonce-0-1\" name=\"wppa-nonce\" value=\"7e613b716c\" ><div id=\"wppa-bc-1\" class=\"wppa-nav wppa-box wppa-nav-text wppa-bc\" ><a href=\"https:\/\/fontscollserola.com#wppa-container-1\" class=\"wppa-nav-text b1\" style=\"cursor:pointer\" title=\"Fonts de Collserola\">Home<\/a><span class=\"wppa-nav-text b1\"> &raquo; <\/span><a href=\"https:\/\/fontscollserola.com\/?p=963#wppa-container-1\" class=\"wppa-nav-text b3\" style=\"cursor:pointer\" title=\"Post: F256-Font de La Reina\">F256-Font de La Reina<\/a><span class=\"wppa-nav-text b3\"> &raquo; <\/span><span id=\"bc-pname-1\" class=\"wppa-nav-text b10\"  title=\"\">256-Font dels Frares<\/span><div style=\"clear:both\"><\/div><\/div><div id=\"wppa-thumb-area-1\" class=\"wppa-box wppa-thumb-area wppa-thumb-area-1\" style=\"overflow:auto;\"><div id=\"wppa-popup-1\" class=\"wppa-popup-frame wppa-thumb-text\" style=\"max-width:2048px;\"><\/div><div style=\"clear:both\"><\/div><div id=\"thumbnail_frame_e55cb0c51fad3947_1\" style=\"width: 100px; height: 150px; margin-left: 21px; margin-top: 2px; margin-bottom: 2px;\" class=\"thumbnail-frame thumbnail-frame-1 thumbnail-frame-photo-e55cb0c51fad3947\"><div style=\"height:100px;width:100px;overflow:visible;\" class=\"wppa-tn-img-container\"><a style=\"position:static;\" class=\"thumb-img\" id=\"x-719-1\" href=\"https:\/\/fontscollserola.com\/?p=963&lang=es&wppa-slide=1&wppa-occur=1&wppa-album=3f4aa21836499935&wppa-photo=e55cb0c51fad3947\" onclick=\"wppaDoAjaxRender(event,1,'https:\/\/fontscollserola.com\/index.php?rest_route=\/wp-photo-album-plus\/endPoint?action=wppa&wppa-action=render&wppa-size=640&wppa-occur=1&wppa-fromp=963&lang=es&wppa-slide=1&wppa-occur=1&wppa-album=648&wppa-photo=e55cb0c51fad3947','https:\/\/fontscollserola.com\/?p=963&lang=es&wppa-slide=1&wppa-occur=1&wppa-album=3f4aa21836499935&wppa-photo=e55cb0c51fad3947'); return false;\"><img decoding=\"async\" id=\"i-e55cb0c51fad3947-1\" title=\" 21.08.2010. Imatge del safareig i de la bassa.\" style=\"border-width:0px;width:100px;height:75px;margin-top: 13px;margin-bottom:13px;opacity:0.85;cursor:pointer\" src=\"https:\/\/fontscollserola.com\/wp-content\/uploads\/wppa\/thumbs\/719.jpg?ver=91\" alt=\" 21.08.2010. Imatge del safareig i de la bassa.\" onmouseover=\"jQuery(this).fadeTo(400, 1.0);if (wppaPopUp) wppaPopUp( 1, this, &#039;e55cb0c51fad3947&#039;, &#039; 21.08.2010. Imatge del safareig i de la bassa.&#039;, &#039;&#039;, &#039;&#039;, &#039;&#039;, &#039;&#039;, &#039;150&#039;, &#039;113&#039; ); \" onmouseout=\"jQuery(this).fadeTo(400, 0.85);\"><\/a><\/div><div style=\"height:63px;width:100px;position:absolute;margin-top:-13px;overflow:hidden;\" class=\"thumbnail-subtext-frame\"><div class=\"wppa-thumb-text\"> 21.08.2010. Imatge del safareig i de la bassa.<\/div><div class=\"wppa-thumb-text\"><\/div><div class=\"wppa-thumb-text\"><\/div><div id=\"wppa-thumb-rat-disp-719\" class=\"wppa-thumb-text\"><\/div><\/div><\/div><div id=\"thumbnail_frame_9eac7a3188847df3_1\" style=\"width: 100px; height: 150px; margin-left: 21px; margin-top: 2px; margin-bottom: 2px;\" class=\"thumbnail-frame thumbnail-frame-1 thumbnail-frame-photo-9eac7a3188847df3\"><div style=\"height:100px;width:100px;overflow:visible;\" class=\"wppa-tn-img-container\"><a style=\"position:static;\" class=\"thumb-img\" id=\"x-720-1\" href=\"https:\/\/fontscollserola.com\/?p=963&lang=es&wppa-slide=1&wppa-occur=1&wppa-album=3f4aa21836499935&wppa-photo=9eac7a3188847df3\" onclick=\"wppaDoAjaxRender(event,1,'https:\/\/fontscollserola.com\/index.php?rest_route=\/wp-photo-album-plus\/endPoint?action=wppa&wppa-action=render&wppa-size=640&wppa-occur=1&wppa-fromp=963&lang=es&wppa-slide=1&wppa-occur=1&wppa-album=648&wppa-photo=9eac7a3188847df3','https:\/\/fontscollserola.com\/?p=963&lang=es&wppa-slide=1&wppa-occur=1&wppa-album=3f4aa21836499935&wppa-photo=9eac7a3188847df3'); return false;\"><img decoding=\"async\" id=\"i-9eac7a3188847df3-1\" title=\"21.08.2010. Imatge de la bassa.\" style=\"border-width:0px;width:100px;height:75px;margin-top: 13px;margin-bottom:13px;opacity:0.85;cursor:pointer\" src=\"https:\/\/fontscollserola.com\/wp-content\/uploads\/wppa\/thumbs\/720.jpg?ver=91\" alt=\"21.08.2010. Imatge de la bassa.\" onmouseover=\"jQuery(this).fadeTo(400, 1.0);if (wppaPopUp) wppaPopUp( 1, this, &#039;9eac7a3188847df3&#039;, &#039;21.08.2010. Imatge de la bassa.&#039;, &#039;&#039;, &#039;&#039;, &#039;&#039;, &#039;&#039;, &#039;150&#039;, &#039;113&#039; ); \" onmouseout=\"jQuery(this).fadeTo(400, 0.85);\"><\/a><\/div><div style=\"height:63px;width:100px;position:absolute;margin-top:-13px;overflow:hidden;\" class=\"thumbnail-subtext-frame\"><div class=\"wppa-thumb-text\">21.08.2010. Imatge de la bassa.<\/div><div class=\"wppa-thumb-text\"><\/div><div class=\"wppa-thumb-text\"><\/div><div id=\"wppa-thumb-rat-disp-720\" class=\"wppa-thumb-text\"><\/div><\/div><\/div><div id=\"thumbnail_frame_6c7e777dcbbb5623_1\" style=\"width: 100px; height: 150px; margin-left: 21px; margin-top: 2px; margin-bottom: 2px;\" class=\"thumbnail-frame thumbnail-frame-1 thumbnail-frame-photo-6c7e777dcbbb5623\"><div style=\"height:100px;width:100px;overflow:visible;\" class=\"wppa-tn-img-container\"><a style=\"position:static;\" class=\"thumb-img\" id=\"x-923-1\" href=\"https:\/\/fontscollserola.com\/?p=963&lang=es&wppa-slide=1&wppa-occur=1&wppa-album=3f4aa21836499935&wppa-photo=6c7e777dcbbb5623\" onclick=\"wppaDoAjaxRender(event,1,'https:\/\/fontscollserola.com\/index.php?rest_route=\/wp-photo-album-plus\/endPoint?action=wppa&wppa-action=render&wppa-size=640&wppa-occur=1&wppa-fromp=963&lang=es&wppa-slide=1&wppa-occur=1&wppa-album=648&wppa-photo=6c7e777dcbbb5623','https:\/\/fontscollserola.com\/?p=963&lang=es&wppa-slide=1&wppa-occur=1&wppa-album=3f4aa21836499935&wppa-photo=6c7e777dcbbb5623'); return false;\"><img decoding=\"async\" id=\"i-6c7e777dcbbb5623-1\" title=\"Fragment del llibre de X. Coll, &quot;Fuentes en las Monta\u00f1as de Barcelona&quot;. Editorial Alpina, any 1963.\" style=\"border-width:0px;width:100px;height:26px;margin-top: 37px;margin-bottom:37px;opacity:0.85;cursor:pointer\" src=\"https:\/\/fontscollserola.com\/wp-content\/uploads\/wppa\/thumbs\/923.jpg?ver=91\" alt=\"Fragment del llibre de X. Coll, &quot;Fuentes en las Monta\u00f1as de Barcelona&quot;. Editorial Alpina, any 1963.\" onmouseover=\"jQuery(this).fadeTo(400, 1.0);if (wppaPopUp) wppaPopUp( 1, this, &#039;6c7e777dcbbb5623&#039;, &#039;Fragment del llibre de X. Coll, &quot;Fuentes en las Monta\u00f1as de Barcelona&quot;. Editorial Alpina, any 1963.&#039;, &#039;&#039;, &#039;&#039;, &#039;&#039;, &#039;&#039;, &#039;150&#039;, &#039;39&#039; ); \" onmouseout=\"jQuery(this).fadeTo(400, 0.85);\"><\/a><\/div><div style=\"height:87px;width:100px;position:absolute;margin-top:-37px;overflow:hidden;\" class=\"thumbnail-subtext-frame\"><div class=\"wppa-thumb-text\">Fragment del llibre de X. Coll, \"Fuentes en las Monta\u00f1as de Barcelona\". Editorial Alpina, any 1963.<\/div><div class=\"wppa-thumb-text\"><\/div><div class=\"wppa-thumb-text\"><\/div><div id=\"wppa-thumb-rat-disp-923\" class=\"wppa-thumb-text\"><\/div><\/div><\/div><div id=\"thumbnail_frame_61601a4307573a10_1\" style=\"width: 100px; height: 150px; margin-left: 21px; margin-top: 2px; margin-bottom: 2px;\" class=\"thumbnail-frame thumbnail-frame-1 thumbnail-frame-photo-61601a4307573a10\"><div style=\"height:100px;width:100px;overflow:visible;\" class=\"wppa-tn-img-container\"><a style=\"position:static;\" class=\"thumb-img\" id=\"x-2070-1\" href=\"https:\/\/fontscollserola.com\/?p=963&lang=es&wppa-slide=1&wppa-occur=1&wppa-album=3f4aa21836499935&wppa-photo=61601a4307573a10\" onclick=\"wppaDoAjaxRender(event,1,'https:\/\/fontscollserola.com\/index.php?rest_route=\/wp-photo-album-plus\/endPoint?action=wppa&wppa-action=render&wppa-size=640&wppa-occur=1&wppa-fromp=963&lang=es&wppa-slide=1&wppa-occur=1&wppa-album=648&wppa-photo=61601a4307573a10','https:\/\/fontscollserola.com\/?p=963&lang=es&wppa-slide=1&wppa-occur=1&wppa-album=3f4aa21836499935&wppa-photo=61601a4307573a10'); return false;\"><img decoding=\"async\" id=\"i-61601a4307573a10-1\" title=\"21.08.2010. Imatge de l\u2019acc\u00e9s a la mina.\" style=\"border-width:0px;width:100px;height:75px;margin-top: 13px;margin-bottom:13px;opacity:0.85;cursor:pointer\" src=\"https:\/\/fontscollserola.com\/wp-content\/uploads\/wppa\/thumbs\/2070.jpg?ver=91\" alt=\"21.08.2010. Imatge de l\u2019acc\u00e9s a la mina.\" onmouseover=\"jQuery(this).fadeTo(400, 1.0);if (wppaPopUp) wppaPopUp( 1, this, &#039;61601a4307573a10&#039;, &#039;21.08.2010. Imatge de l\u2019acc\u00e9s a la mina.&#039;, &#039;&#039;, &#039;&#039;, &#039;&#039;, &#039;&#039;, &#039;150&#039;, &#039;113&#039; ); \" onmouseout=\"jQuery(this).fadeTo(400, 0.85);\"><\/a><\/div><div style=\"height:63px;width:100px;position:absolute;margin-top:-13px;overflow:hidden;\" class=\"thumbnail-subtext-frame\"><div class=\"wppa-thumb-text\">21.08.2010. Imatge de l\u2019acc\u00e9s a la mina.<\/div><div class=\"wppa-thumb-text\"><\/div><div class=\"wppa-thumb-text\"><\/div><div id=\"wppa-thumb-rat-disp-2070\" class=\"wppa-thumb-text\"><\/div><\/div><\/div><div id=\"thumbnail_frame_11e820c44994047c_1\" style=\"width: 100px; height: 150px; margin-left: 21px; margin-top: 2px; margin-bottom: 2px;\" class=\"thumbnail-frame thumbnail-frame-1 thumbnail-frame-photo-11e820c44994047c\"><div style=\"height:100px;width:100px;overflow:visible;\" class=\"wppa-tn-img-container\"><a style=\"position:static;\" class=\"thumb-img\" id=\"x-2071-1\" href=\"https:\/\/fontscollserola.com\/?p=963&lang=es&wppa-slide=1&wppa-occur=1&wppa-album=3f4aa21836499935&wppa-photo=11e820c44994047c\" onclick=\"wppaDoAjaxRender(event,1,'https:\/\/fontscollserola.com\/index.php?rest_route=\/wp-photo-album-plus\/endPoint?action=wppa&wppa-action=render&wppa-size=640&wppa-occur=1&wppa-fromp=963&lang=es&wppa-slide=1&wppa-occur=1&wppa-album=648&wppa-photo=11e820c44994047c','https:\/\/fontscollserola.com\/?p=963&lang=es&wppa-slide=1&wppa-occur=1&wppa-album=3f4aa21836499935&wppa-photo=11e820c44994047c'); return false;\"><img decoding=\"async\" id=\"i-11e820c44994047c-1\" title=\"21.08.2010. Imatge del safareig, l\u2019acc\u00e9s a la mina i el conducte que alimenta el safareig i la bassa.\" style=\"border-width:0px;width:100px;height:75px;margin-top: 13px;margin-bottom:13px;opacity:0.85;cursor:pointer\" src=\"https:\/\/fontscollserola.com\/wp-content\/uploads\/wppa\/thumbs\/2071.jpg?ver=91\" alt=\"21.08.2010. Imatge del safareig, l\u2019acc\u00e9s a la mina i el conducte que alimenta el safareig i la bassa.\" onmouseover=\"jQuery(this).fadeTo(400, 1.0);if (wppaPopUp) wppaPopUp( 1, this, &#039;11e820c44994047c&#039;, &#039;21.08.2010. Imatge del safareig, l\u2019acc\u00e9s a la mina i el conducte que alimenta el safareig i la bassa.&#039;, &#039;&#039;, &#039;&#039;, &#039;&#039;, &#039;&#039;, &#039;150&#039;, &#039;113&#039; ); \" onmouseout=\"jQuery(this).fadeTo(400, 0.85);\"><\/a><\/div><div style=\"height:63px;width:100px;position:absolute;margin-top:-13px;overflow:hidden;\" class=\"thumbnail-subtext-frame\"><div class=\"wppa-thumb-text\">21.08.2010. Imatge del safareig, l\u2019acc\u00e9s a la mina i el conducte que alimenta el safareig i la bassa.<\/div><div class=\"wppa-thumb-text\"><\/div><div class=\"wppa-thumb-text\"><\/div><div id=\"wppa-thumb-rat-disp-2071\" class=\"wppa-thumb-text\"><\/div><\/div><\/div><div class=\"wppa-clear\"><\/div><\/div><div style=\"clear:both;\"><\/div><div id=\"wppa-container-1-end\"><\/div><\/div><\/div>\n<!-- End [wppa type=\"content\" album=\"648\"] \/index.php?rest_route=%2Fwp%2Fv2%2Fposts%2F963 oc 1 24 queries in 27.6 ms. at 2:02 am. Max mem: 83.00 Mb. -->\n","protected":false},"excerpt":{"rendered":"<p>Descripci\u00f3: Ens trobem dos aforaments, un que ve d\u2019una canonada i l\u2019altre d\u2019una mina. El de la canonada, emplena una gran bassa i es fa servir per regar l\u2019hort. \u00c9s la font 353 El de la mina est\u00e0 al nivell del terra i t\u00e9 una gran quantitat d\u2019aigua acumulada. El conjunt est\u00e0 situat a l\u2019interior [&hellip;]<\/p>\n","protected":false},"author":3,"featured_media":0,"comment_status":"closed","ping_status":"open","sticky":false,"template":"","format":"standard","meta":{"footnotes":""},"categories":[3,5],"tags":[],"class_list":["post-963","post","type-post","status-publish","format-standard","hentry","category-b","category-5"],"_links":{"self":[{"href":"https:\/\/fontscollserola.com\/index.php?rest_route=\/wp\/v2\/posts\/963","targetHints":{"allow":["GET"]}}],"collection":[{"href":"https:\/\/fontscollserola.com\/index.php?rest_route=\/wp\/v2\/posts"}],"about":[{"href":"https:\/\/fontscollserola.com\/index.php?rest_route=\/wp\/v2\/types\/post"}],"author":[{"embeddable":true,"href":"https:\/\/fontscollserola.com\/index.php?rest_route=\/wp\/v2\/users\/3"}],"replies":[{"embeddable":true,"href":"https:\/\/fontscollserola.com\/index.php?rest_route=%2Fwp%2Fv2%2Fcomments&post=963"}],"version-history":[{"count":7,"href":"https:\/\/fontscollserola.com\/index.php?rest_route=\/wp\/v2\/posts\/963\/revisions"}],"predecessor-version":[{"id":9001,"href":"https:\/\/fontscollserola.com\/index.php?rest_route=\/wp\/v2\/posts\/963\/revisions\/9001"}],"wp:attachment":[{"href":"https:\/\/fontscollserola.com\/index.php?rest_route=%2Fwp%2Fv2%2Fmedia&parent=963"}],"wp:term":[{"taxonomy":"category","embeddable":true,"href":"https:\/\/fontscollserola.com\/index.php?rest_route=%2Fwp%2Fv2%2Fcategories&post=963"},{"taxonomy":"post_tag","embeddable":true,"href":"https:\/\/fontscollserola.com\/index.php?rest_route=%2Fwp%2Fv2%2Ftags&post=963"}],"curies":[{"name":"wp","href":"https:\/\/api.w.org\/{rel}","templated":true}]}}